{"id":106,"date":"2012-01-19T13:15:44","date_gmt":"2012-01-19T13:15:44","guid":{"rendered":"https:\/\/blogs.ua.es\/alacanti\/?p=106"},"modified":"2012-01-19T13:15:44","modified_gmt":"2012-01-19T13:15:44","slug":"maca-museo-de-arte-contemporaneo-de-alicante","status":"publish","type":"post","link":"https:\/\/blogs.ua.es\/alacanti\/2012\/01\/19\/maca-museo-de-arte-contemporaneo-de-alicante\/","title":{"rendered":"Maca, Museo de Arte Contempor\u00e1neo de Alicante."},"content":{"rendered":"<p>Museo de Arte Contempor\u00e1neo de Alicante [en l\u00ednea].Alicante 2012.[Consulta:3 de enero de 2012].Disponible:<\/p>\n<p>http:\/\/www.maca-alicante.es\/<\/p>\n<p>Esta entrada quiero dedicarla a un evento cultural que tuvo lugar el a\u00f1o pasado en Alicante, y que creo que es de gran importancia. Se trata de la apertura del museo de Arte Contempor\u00e1neo, el MACA, que tuvo lugar concretamente el 22 de marzo de 2011.<\/p>\n<p>En su interior podemos ver obras de pintores de fama mundial como Picasso, Mir\u00f3\u2026todos ellos pertenecientes a una colecci\u00f3n donada por Eusebio Sempere, incluidas algunas de sus obras. El museo se encuentra en un lugar un tanto \u201coriginal\u201d ya que ante defensores o detractores, lo cierto es que se sit\u00faa en un edificio de gran modernidad (antiguo edificio de la Asegurada) en pleno casco antiguo alicantino, y por tanto, resulta un tanto chocante el contraste arquitect\u00f3nico que ello supone para la zona.<\/p>\n<p>Personalmente no estoy muy de acuerdo con el lugar elegido, pero creo que de todas formas la apertura de este museo como la de cualquiera es una buena noticia para la ciudad y para el arte. Arriba he dejado el link de la p\u00e1gina Web, donde podemos encontrar desde informaci\u00f3n sobre las exposiciones, hasta las actividades y eventos que se llevan a cabo.<\/p>\n<p>A pesar de ser un museo a\u00fan joven, merece la pena su visita. Luz est\u00e1 presente, haciendo que cada una de las piezas est\u00e9n a ojos de los visitantes en continuo movimiento.<\/p>\n<p>Es por tanto un ejemplo de arquitectura moderna integrada en el casco antiguo de Alicante.<\/p>\n","protected":false},"excerpt":{"rendered":"<p>Museo de Arte Contempor\u00e1neo de Alicante [en l\u00ednea].Alicante 2012.[Consulta:3 de enero de 2012].Disponible: http:\/\/www.maca-alicante.es\/ Esta entrada quiero dedicarla a un evento cultural que tuvo lugar el a\u00f1o pasado en Alicante, y que creo que es de gran importancia. Se trata &hellip; <a href=\"https:\/\/blogs.ua.es\/alacanti\/2012\/01\/19\/maca-museo-de-arte-contemporaneo-de-alicante\/\">Continue reading <span class=\"meta-nav\">&rarr;<\/span><\/a><\/p>\n","protected":false},"author":1964,"featured_media":0,"comment_status":"open","ping_status":"open","sticky":false,"template":"","format":"standard","meta":{"footnotes":""},"categories":[307,6674],"tags":[],"class_list":["post-106","post","type-post","status-publish","format-standard","hentry","category-articulos","category-recursos-electronicos"],"_links":{"self":[{"href":"https:\/\/blogs.ua.es\/alacanti\/wp-json\/wp\/v2\/posts\/106","targetHints":{"allow":["GET"]}}],"collection":[{"href":"https:\/\/blogs.ua.es\/alacanti\/wp-json\/wp\/v2\/posts"}],"about":[{"href":"https:\/\/blogs.ua.es\/alacanti\/wp-json\/wp\/v2\/types\/post"}],"author":[{"embeddable":true,"href":"https:\/\/blogs.ua.es\/alacanti\/wp-json\/wp\/v2\/users\/1964"}],"replies":[{"embeddable":true,"href":"https:\/\/blogs.ua.es\/alacanti\/wp-json\/wp\/v2\/comments?post=106"}],"version-history":[{"count":1,"href":"https:\/\/blogs.ua.es\/alacanti\/wp-json\/wp\/v2\/posts\/106\/revisions"}],"predecessor-version":[{"id":107,"href":"https:\/\/blogs.ua.es\/alacanti\/wp-json\/wp\/v2\/posts\/106\/revisions\/107"}],"wp:attachment":[{"href":"https:\/\/blogs.ua.es\/alacanti\/wp-json\/wp\/v2\/media?parent=106"}],"wp:term":[{"taxonomy":"category","embeddable":true,"href":"https:\/\/blogs.ua.es\/alacanti\/wp-json\/wp\/v2\/categories?post=106"},{"taxonomy":"post_tag","embeddable":true,"href":"https:\/\/blogs.ua.es\/alacanti\/wp-json\/wp\/v2\/tags?post=106"}],"curies":[{"name":"wp","href":"https:\/\/api.w.org\/{rel}","templated":true}]}}