{"id":177,"date":"2019-12-15T18:40:23","date_gmt":"2019-12-15T18:40:23","guid":{"rendered":"https:\/\/blogs.ua.es\/antoniohistoria\/?p=177"},"modified":"2019-12-16T22:23:51","modified_gmt":"2019-12-16T22:23:51","slug":"el-pueblo-diario-republicano-de-izquierdas","status":"publish","type":"post","link":"https:\/\/blogs.ua.es\/antoniohistoria\/2019\/12\/15\/el-pueblo-diario-republicano-de-izquierdas\/","title":{"rendered":"El Pueblo: diario republicano de izquierdas."},"content":{"rendered":"<p>Historia.<\/p>\n<p>El Pueblo naci\u00f3 de la mano de uno de los escritores m\u00e1s destacados de la historia valenciana, Vicente Blasco Ib\u00e1\u00f1ez, convirti\u00e9ndose en uno de los medios difusores de su movimiento, el blasquismo, de toque republicano, tal y como indica el subt\u00edtulo que lo acompa\u00f1a.<\/p>\n<p>La administraci\u00f3n ten\u00eda su sede en Valencia, y pese a encontrarse en la capital se editaba en castellano. Su primera publicaci\u00f3n fue el 12 de noviembre de 1894, y para su fundaci\u00f3n, Blasco Ib\u00e1\u00f1ez se servir\u00eda de las donaciones realizadas por un amigo suyo, Rodrigo Soriano, aunque las diferencias entre ambos acabaron convirti\u00e9ndoles en rivales.<\/p>\n<p>Fue un peri\u00f3dico diario, y en sus primeros a\u00f1os trat\u00f3 temas pol\u00edticos de actualidad, todos vinculados con el republicanismo, pero a lo largo de su historia fue incorporando informaci\u00f3n m\u00e1s variopinta sobre la sociedad, incluyendo im\u00e1genes, en especial durante la dictadura de Primo de Rivera, cuando se ve obligado a censurar la pol\u00edtica, reduciendo su contenido a temas de ocio, y perdiendo parte de su esencia. No obstante, con la proclamaci\u00f3n de la Segunda Rep\u00fablica, el peri\u00f3dico se influenci\u00f3 del Lerrouxismo, siendo uno de los principales m\u00f3viles dl Partido de Uni\u00f3n Republicana Autonomista. Al no ser de suscripci\u00f3n, lleg\u00f3 a vender m\u00e1s de 20.000 ejemplares.<\/p>\n<p>Su \u00faltima publicaci\u00f3n fue el 12 de enero de 1939. Acabada la Guerra Civil, la administraci\u00f3n fue tomada por la FET y JONS.<\/p>\n<p>Morfolog\u00eda.<\/p>\n<p><strong>El Pueblo: diario republicano de izquierdas 24\/2\/1937<\/strong><\/p>\n<p>La portada de este peri\u00f3dico tiene unas dimensiones de 24 cent\u00edmetros de largo por 20 de ancho, aproximadamente, haciendo una superficie de 468 cent\u00edmetros cuadrados. Internamente podemos dividirlo en noticias y anuncios, encontrando una nota necrol\u00f3gica. El encabezado mide 2\u20195 de largo por 19\u20195 cent\u00edmetros de largo, 48cm2, ocupando un 10%, y al mismo tiempo, tenemos varios subt\u00edtulos de 0\u20195 de largo por 11 cent\u00edmetros de ancho, 5\u20195cm2, ocupando en total un 2\u20192%. En el margen superior derecho nos encontramos la primera noticia, acompa\u00f1ando al encabezamiento, que mide 2\u20195 de largo por 5\u20195 cent\u00edmetros de ancho, 14cm2, ocupando un 3%. No primera noticia que nos encontramos mide 13 de largo por 5\u20198 cent\u00edmetros de ancho, 75cm2, ocupando el 16%, mientras que la noticia n\u00famero dos que est\u00e1 al lado y a primera vista parece m\u00e1s breve, se encuentra en el centro y tiene unas dimensiones de 10\u20193 cm de largo por 8\u20192 cm de ancho, 84cm2, ocupando un 18%, por lo que se deduce que se quiere resaltar. La noticia tres, debajo de la primera, mide 4\u20195 de largo por 5\u20195 cm de ancho, 25cm2, y ocupa un 5%. La esquela se encuentra justo debajo de la noticia cuatro, en el extremo inferior izquierdo, y tiene unas medidas de 3\u20195 de largo por 5\u20195 cm de ancho, 19 cm2, ocupando un 4%.<\/p>\n<p>La noticia 4 ocupa 47\u20196cm2, y supone el 10%. La noticia cinco tiene una medida de 5 cm de largo por 2\u20195 de ancho, 12\u20195 cm2, sumando un 2\u20196%. La noticia seis mide 8cm de largo por 2\u20198 de ancho, 22\u20194 cm2, que es un 4\u20197%. La noticia siete mide 3\u201903 de largo por 2\u20198 de ancho, 8cm2, siendo un 2%. La noticia ocho es la que m\u00e1s ocupa, de forma desigual, suma 94cm2, siendo el 20%. Finalmente, la noticia nueve mide 9 cm de largo por 2\u20195 de ancho lo que se traduce en un 5%.<\/p>\n<p><a href=\"https:\/\/blogs.ua.es\/antoniohistoria\/files\/2019\/12\/24-feb-37-pu.pdf\">24 feb 37 pu<\/a><\/p>\n<p><strong>El Pueblo: diario republicano de izquierdas 12\/01\/1939<\/strong><\/p>\n<p>La portada que se nos presenta tiene unas dimensiones aproximadas de 25 cm de largo por 19 de ancho; lo que hace una superficie de 570 cm2. En el encabezamiento encontramos el t\u00edtulo que mide 2\u20195 cm de largo por 13\u20195 cm de ancho, 34cm2, suponiendo el 6% de la superficie. Al mismo tiempo, por debajo del mismo t\u00edtulo le siguen otros dos subt\u00edtulos de 0\u20195cm de largo por 11 de ancho, 5\u20195cm2, siendo cada uno un 0\u20199%, sumando 2%. Tenemos una estampa en el margen derecho superior que mide 6 cm de largo por 5 de ancho, sumando 30 cm2 y un 5%. La noticia n\u00famero uno tiene forma irregular y ocupa 80cm2, suponiendo el 14%. La noticia n\u00famero dos mide 5\u20195 de ancho por 14 de largo, 77cm2, sumando un 13%. La noticia tres de forma irregular, ocupa 65cm2, siendo un 11%. La noticia cuatro se encuentra en el extremo inferior izquierdo, y mide 6 cm de largo por 8\u20195 de ancho, 51cm2, siendo un 9%. La noticia cinco mide 8 cm de largo por 2\u20195 de ancho,20cm2, siendo un 3\u20195%. La noticia seis es de las m\u00e1s grandes. La tenemos en el extremo inferior derecho, y mide 8cm de ancho por 8\u20195 de largo, 68cm2, que es un 12% de la superficie. La noticia siete, que se encuentra debajo de la estampa, mide 2\u20197 cm de ancho por 6\u20195 cm de largo, 17cm2, suponiendo el 3%.<\/p>\n<p><a href=\"https:\/\/blogs.ua.es\/antoniohistoria\/files\/2019\/12\/12-ene-39-pu.pdf\">12 ene 39 pu<\/a><\/p>\n","protected":false},"excerpt":{"rendered":"<p>Historia. El Pueblo naci\u00f3 de la mano de uno de los escritores m\u00e1s destacados de la historia valenciana, Vicente Blasco Ib\u00e1\u00f1ez, convirti\u00e9ndose en uno de los medios difusores de su movimiento, el blasquismo, de toque republicano, tal y como indica el subt\u00edtulo que lo acompa\u00f1a. La administraci\u00f3n ten\u00eda su sede en Valencia, y pese a &hellip; <a href=\"https:\/\/blogs.ua.es\/antoniohistoria\/2019\/12\/15\/el-pueblo-diario-republicano-de-izquierdas\/\" class=\"more-link\">Continue reading <span class=\"screen-reader-text\">El Pueblo: diario republicano de izquierdas.<\/span> <span class=\"meta-nav\">&rarr;<\/span><\/a><\/p>\n","protected":false},"author":4372,"featured_media":0,"comment_status":"open","ping_status":"open","sticky":false,"template":"","format":"standard","meta":{"footnotes":""},"categories":[676],"tags":[],"class_list":["post-177","post","type-post","status-publish","format-standard","hentry","category-sin-categoria"],"_links":{"self":[{"href":"https:\/\/blogs.ua.es\/antoniohistoria\/wp-json\/wp\/v2\/posts\/177","targetHints":{"allow":["GET"]}}],"collection":[{"href":"https:\/\/blogs.ua.es\/antoniohistoria\/wp-json\/wp\/v2\/posts"}],"about":[{"href":"https:\/\/blogs.ua.es\/antoniohistoria\/wp-json\/wp\/v2\/types\/post"}],"author":[{"embeddable":true,"href":"https:\/\/blogs.ua.es\/antoniohistoria\/wp-json\/wp\/v2\/users\/4372"}],"replies":[{"embeddable":true,"href":"https:\/\/blogs.ua.es\/antoniohistoria\/wp-json\/wp\/v2\/comments?post=177"}],"version-history":[{"count":3,"href":"https:\/\/blogs.ua.es\/antoniohistoria\/wp-json\/wp\/v2\/posts\/177\/revisions"}],"predecessor-version":[{"id":232,"href":"https:\/\/blogs.ua.es\/antoniohistoria\/wp-json\/wp\/v2\/posts\/177\/revisions\/232"}],"wp:attachment":[{"href":"https:\/\/blogs.ua.es\/antoniohistoria\/wp-json\/wp\/v2\/media?parent=177"}],"wp:term":[{"taxonomy":"category","embeddable":true,"href":"https:\/\/blogs.ua.es\/antoniohistoria\/wp-json\/wp\/v2\/categories?post=177"},{"taxonomy":"post_tag","embeddable":true,"href":"https:\/\/blogs.ua.es\/antoniohistoria\/wp-json\/wp\/v2\/tags?post=177"}],"curies":[{"name":"wp","href":"https:\/\/api.w.org\/{rel}","templated":true}]}}