{"id":1522,"date":"2009-11-29T11:30:26","date_gmt":"2009-11-29T09:30:26","guid":{"rendered":"https:\/\/blogs.ua.es\/cartones\/?p=1522"},"modified":"2009-11-29T11:30:26","modified_gmt":"2009-11-29T09:30:26","slug":"juicio-de-burgos-3","status":"publish","type":"post","link":"https:\/\/blogs.ua.es\/cartones\/?p=1522","title":{"rendered":"Juicio de Burgos 3"},"content":{"rendered":"<p>He encontrado otra vi\u00f1eta en la prensa brit\u00e1nica que alude al <a href=\"http:\/\/es.wikipedia.org\/wiki\/Proceso_de_Burgos\">Juicio de Burgos<\/a>. Hace unos meses publiqu\u00e9 <a href=\"https:\/\/blogs.ua.es\/cartones\/?p=919\">\u00e9sta<\/a> y <a href=\"https:\/\/blogs.ua.es\/cartones\/?p=930\">esta otra<\/a>.<\/p>\n<p style=\"text-align: center\"><a href=\"http:\/\/www.flickr.com\/photos\/29897722@N06\/4142628081\/sizes\/o\/\"><img loading=\"lazy\" decoding=\"async\" class=\"aligncenter\" src=\"http:\/\/farm3.static.flickr.com\/2758\/4142628081_33afb61a73_o.jpg\" alt=\"\" width=\"405\" height=\"259\" \/><\/a><\/p>\n<p style=\"text-align: left\">Recurso del t\u00f3pico del torero: un franco torero lidia a las bravas protestas internacionales (y de la oposici\u00f3n democr\u00e1tica)<\/p>\n<p style=\"text-align: left\">Leslie Gibbard, <em>The Guardian<\/em>, 17-12-1970<\/p>\n","protected":false},"excerpt":{"rendered":"<p>He encontrado otra vi\u00f1eta en la prensa brit\u00e1nica que alude al Juicio de Burgos. Hace unos meses publiqu\u00e9 \u00e9sta y esta otra. Recurso del t\u00f3pico del torero: un franco torero lidia a las bravas protestas internacionales (y de la oposici\u00f3n democr\u00e1tica) Leslie Gibbard, The Guardian, 17-12-1970<\/p>\n","protected":false},"author":358,"featured_media":0,"comment_status":"open","ping_status":"open","sticky":false,"template":"","format":"standard","meta":{"footnotes":""},"categories":[1],"tags":[4865,10719,3620,1787,423,3317,4868,3299,5683,1905],"class_list":["post-1522","post","type-post","status-publish","format-standard","hentry","category-sin-categoria","tag-burgos","tag-espana","tag-eta","tag-franco","tag-franquismo","tag-gibbard","tag-penademuerte","tag-protestas","tag-theguardian","tag-toros"],"_links":{"self":[{"href":"https:\/\/blogs.ua.es\/cartones\/index.php?rest_route=\/wp\/v2\/posts\/1522","targetHints":{"allow":["GET"]}}],"collection":[{"href":"https:\/\/blogs.ua.es\/cartones\/index.php?rest_route=\/wp\/v2\/posts"}],"about":[{"href":"https:\/\/blogs.ua.es\/cartones\/index.php?rest_route=\/wp\/v2\/types\/post"}],"author":[{"embeddable":true,"href":"https:\/\/blogs.ua.es\/cartones\/index.php?rest_route=\/wp\/v2\/users\/358"}],"replies":[{"embeddable":true,"href":"https:\/\/blogs.ua.es\/cartones\/index.php?rest_route=%2Fwp%2Fv2%2Fcomments&post=1522"}],"version-history":[{"count":2,"href":"https:\/\/blogs.ua.es\/cartones\/index.php?rest_route=\/wp\/v2\/posts\/1522\/revisions"}],"predecessor-version":[{"id":1524,"href":"https:\/\/blogs.ua.es\/cartones\/index.php?rest_route=\/wp\/v2\/posts\/1522\/revisions\/1524"}],"wp:attachment":[{"href":"https:\/\/blogs.ua.es\/cartones\/index.php?rest_route=%2Fwp%2Fv2%2Fmedia&parent=1522"}],"wp:term":[{"taxonomy":"category","embeddable":true,"href":"https:\/\/blogs.ua.es\/cartones\/index.php?rest_route=%2Fwp%2Fv2%2Fcategories&post=1522"},{"taxonomy":"post_tag","embeddable":true,"href":"https:\/\/blogs.ua.es\/cartones\/index.php?rest_route=%2Fwp%2Fv2%2Ftags&post=1522"}],"curies":[{"name":"wp","href":"https:\/\/api.w.org\/{rel}","templated":true}]}}