{"id":166,"date":"2008-09-19T20:43:25","date_gmt":"2008-09-19T18:43:25","guid":{"rendered":"https:\/\/blogs.ua.es\/cartones\/?p=166"},"modified":"2008-09-19T20:43:25","modified_gmt":"2008-09-19T18:43:25","slug":"filoxera","status":"publish","type":"post","link":"https:\/\/blogs.ua.es\/cartones\/?p=166","title":{"rendered":"Filoxera"},"content":{"rendered":"<p style=\"text-align: center\"><img loading=\"lazy\" decoding=\"async\" class=\"aligncenter\" src=\"http:\/\/farm4.static.flickr.com\/3290\/2870139121_3fd6c179fa.jpg?v=0\" alt=\"\" width=\"414\" height=\"352\" \/><\/p>\n<p style=\"text-align: left\">Copio y pego de <a href=\"http:\/\/www.diccionariodelvino.com\/index.php\/filoxera\/\">Diccionariodelvino.com<\/a>:<\/p>\n<blockquote>\n<p style=\"text-align: left\">Plaga producida por el insecto hom\u00f3ptero del mismo nombre que afect\u00f3 a Europa y al resto del mundo a finales del siglo XIX y principios del XX.<\/p>\n<p style=\"text-align: left\">El efecto de la plaga fue una grave crisis que oblig\u00f3 a replantar casi todos los vi\u00f1edos de Europa utilizando portainjertos de vid americana, resistente al insecto.<\/p>\n<\/blockquote>\n<p style=\"text-align: left\">Es que est\u00e1 muy bien explicado \ud83d\ude42<\/p>\n<p style=\"text-align: left\">A\u00f1ado -para que nadie diga nada- que tuvo una especial incidencia en Espa\u00f1a y Francia, obviamente en las zonas vin\u00edcolas.<\/p>\n<p style=\"text-align: left\">Lo encontr\u00e9 en <a href=\"http:\/\/prensahistorica.mcu.es\/es\/periodicos\/serie.cmd?idRegistro=4239&amp;tipoRegistro=HOL\">La Campana de Gr\u00e0cia<\/a>, <a href=\"http:\/\/prensahistorica.mcu.es\/es\/catalogo_imagenes\/grupo.cmd?ocultarCabecera=S&amp;posicion=1&amp;path=3068824&amp;presentacion=pagina\">22 de septiembre de 1878<\/a>.<\/p>\n","protected":false},"excerpt":{"rendered":"<p>Copio y pego de Diccionariodelvino.com: Plaga producida por el insecto hom\u00f3ptero del mismo nombre que afect\u00f3 a Europa y al resto del mundo a finales del siglo XIX y principios del XX. El efecto de la plaga fue una grave crisis que oblig\u00f3 a replantar casi todos los vi\u00f1edos de Europa utilizando portainjertos de vid [&hellip;]<\/p>\n","protected":false},"author":358,"featured_media":0,"comment_status":"open","ping_status":"open","sticky":false,"template":"","format":"standard","meta":{"footnotes":""},"categories":[2176],"tags":[2179,258,10719,2177,2180,2181,2178],"class_list":["post-166","post","type-post","status-publish","format-standard","hentry","category-la-campana-de-gracia","tag-campanagracia","tag-economia","tag-espana","tag-filoxera","tag-insecto","tag-plaga","tag-vino"],"_links":{"self":[{"href":"https:\/\/blogs.ua.es\/cartones\/index.php?rest_route=\/wp\/v2\/posts\/166","targetHints":{"allow":["GET"]}}],"collection":[{"href":"https:\/\/blogs.ua.es\/cartones\/index.php?rest_route=\/wp\/v2\/posts"}],"about":[{"href":"https:\/\/blogs.ua.es\/cartones\/index.php?rest_route=\/wp\/v2\/types\/post"}],"author":[{"embeddable":true,"href":"https:\/\/blogs.ua.es\/cartones\/index.php?rest_route=\/wp\/v2\/users\/358"}],"replies":[{"embeddable":true,"href":"https:\/\/blogs.ua.es\/cartones\/index.php?rest_route=%2Fwp%2Fv2%2Fcomments&post=166"}],"version-history":[{"count":0,"href":"https:\/\/blogs.ua.es\/cartones\/index.php?rest_route=\/wp\/v2\/posts\/166\/revisions"}],"wp:attachment":[{"href":"https:\/\/blogs.ua.es\/cartones\/index.php?rest_route=%2Fwp%2Fv2%2Fmedia&parent=166"}],"wp:term":[{"taxonomy":"category","embeddable":true,"href":"https:\/\/blogs.ua.es\/cartones\/index.php?rest_route=%2Fwp%2Fv2%2Fcategories&post=166"},{"taxonomy":"post_tag","embeddable":true,"href":"https:\/\/blogs.ua.es\/cartones\/index.php?rest_route=%2Fwp%2Fv2%2Ftags&post=166"}],"curies":[{"name":"wp","href":"https:\/\/api.w.org\/{rel}","templated":true}]}}