{"id":199,"date":"2008-09-26T10:58:00","date_gmt":"2008-09-26T08:58:00","guid":{"rendered":"https:\/\/blogs.ua.es\/cartones\/?p=199"},"modified":"2008-09-26T10:58:00","modified_gmt":"2008-09-26T08:58:00","slug":"la-sombra-de-colon","status":"publish","type":"post","link":"https:\/\/blogs.ua.es\/cartones\/?p=199","title":{"rendered":"La sombra de Col\u00f3n"},"content":{"rendered":"<p style=\"text-align: center\"><a href=\"http:\/\/flickr.com\/photos\/29897722@N06\/2889732470\/sizes\/l\/\"><img loading=\"lazy\" decoding=\"async\" class=\"aligncenter\" src=\"http:\/\/farm4.static.flickr.com\/3233\/2889732470_19a3398b1f.jpg?v=0\" alt=\"\" width=\"403\" height=\"403\" \/><\/a><\/p>\n<blockquote>\n<p style=\"text-align: left\">&#8211; \u00bfY eso es todo lo que queda del mundo que les di?<\/p>\n<\/blockquote>\n<p style=\"text-align: left\">Cuadrando fechas, concluyo que el dibujo se hizo a prop\u00f3sito de la firma de la paz de la <a href=\"http:\/\/en.wikipedia.org\/wiki\/Ten_Years%27_War\">Guerra de los 10 a\u00f1os<\/a> (1868-1878) entre los independentistas cubanos y Espa\u00f1a, la antesala de la independencia cubana que tendr\u00eda lugar 20 a\u00f1os despu\u00e9s.<\/p>\n<p style=\"text-align: left\"><a href=\"http:\/\/prensahistorica.mcu.es\/es\/periodicos\/serie.cmd?idRegistro=4239&amp;tipoRegistro=HOL\"><em>La Campana de Gracia<\/em><\/a>, <a href=\"http:\/\/prensahistorica.mcu.es\/es\/catalogo_imagenes\/grupo.cmd?ocultarCabecera=S&amp;posicion=1&amp;path=3068736&amp;presentacion=pagina\">3 de marzo de 1878<\/a>.<\/p>\n","protected":false},"excerpt":{"rendered":"<p>&#8211; \u00bfY eso es todo lo que queda del mundo que les di? Cuadrando fechas, concluyo que el dibujo se hizo a prop\u00f3sito de la firma de la paz de la Guerra de los 10 a\u00f1os (1868-1878) entre los independentistas cubanos y Espa\u00f1a, la antesala de la independencia cubana que tendr\u00eda lugar 20 a\u00f1os despu\u00e9s. [&hellip;]<\/p>\n","protected":false},"author":358,"featured_media":0,"comment_status":"open","ping_status":"open","sticky":false,"template":"","format":"standard","meta":{"footnotes":""},"categories":[2176],"tags":[2266,2267,1766,1768,10719,1767,1923,1814],"class_list":["post-199","post","type-post","status-publish","format-standard","hentry","category-la-campana-de-gracia","tag-america","tag-campana","tag-colon","tag-cuba","tag-espana","tag-guerra","tag-independencia","tag-paz"],"_links":{"self":[{"href":"https:\/\/blogs.ua.es\/cartones\/index.php?rest_route=\/wp\/v2\/posts\/199","targetHints":{"allow":["GET"]}}],"collection":[{"href":"https:\/\/blogs.ua.es\/cartones\/index.php?rest_route=\/wp\/v2\/posts"}],"about":[{"href":"https:\/\/blogs.ua.es\/cartones\/index.php?rest_route=\/wp\/v2\/types\/post"}],"author":[{"embeddable":true,"href":"https:\/\/blogs.ua.es\/cartones\/index.php?rest_route=\/wp\/v2\/users\/358"}],"replies":[{"embeddable":true,"href":"https:\/\/blogs.ua.es\/cartones\/index.php?rest_route=%2Fwp%2Fv2%2Fcomments&post=199"}],"version-history":[{"count":0,"href":"https:\/\/blogs.ua.es\/cartones\/index.php?rest_route=\/wp\/v2\/posts\/199\/revisions"}],"wp:attachment":[{"href":"https:\/\/blogs.ua.es\/cartones\/index.php?rest_route=%2Fwp%2Fv2%2Fmedia&parent=199"}],"wp:term":[{"taxonomy":"category","embeddable":true,"href":"https:\/\/blogs.ua.es\/cartones\/index.php?rest_route=%2Fwp%2Fv2%2Fcategories&post=199"},{"taxonomy":"post_tag","embeddable":true,"href":"https:\/\/blogs.ua.es\/cartones\/index.php?rest_route=%2Fwp%2Fv2%2Ftags&post=199"}],"curies":[{"name":"wp","href":"https:\/\/api.w.org\/{rel}","templated":true}]}}