{"id":341,"date":"2008-10-13T18:55:01","date_gmt":"2008-10-13T16:55:01","guid":{"rendered":"https:\/\/blogs.ua.es\/cartones\/?p=341"},"modified":"2008-10-13T18:55:01","modified_gmt":"2008-10-13T16:55:01","slug":"la-muerte-del-sexenio","status":"publish","type":"post","link":"https:\/\/blogs.ua.es\/cartones\/?p=341","title":{"rendered":"La muerte del Sexenio"},"content":{"rendered":"<p style=\"text-align: center\"><a href=\"http:\/\/flickr.com\/photos\/29897722@N06\/2938832296\/sizes\/l\/\"><img loading=\"lazy\" decoding=\"async\" class=\"aligncenter\" src=\"http:\/\/farm4.static.flickr.com\/3188\/2938832296_2ceb5bd183.jpg?v=0\" alt=\"\" width=\"408\" height=\"363\" \/><\/a><\/p>\n<p>De esta representaci\u00f3n del \u00faltimo acto del Tenorio (me falta contexto para entender a qu\u00e9 se refiere) me interesa el monumento funenario que se ve en la parte izquierda:<\/p>\n<blockquote><p>Naci\u00f3 en C\u00e1diz, 1868. Muri\u00f3 en Sagunto 1874.<\/p><\/blockquote>\n<p>Fue el <a href=\"http:\/\/es.wikipedia.org\/wiki\/Sexenio_Democr%C3%A1tico\">Sexenio<\/a> democr\u00e1tico y\/o revolucionario.<\/p>\n<p><em><a href=\"http:\/\/prensahistorica.mcu.es\/es\/periodicos\/serie.cmd?idRegistro=4239&amp;tipoRegistro=HOL\">La Campana de Gr\u00e0cia<\/a><\/em>, <a href=\"http:\/\/prensahistorica.mcu.es\/es\/catalogo_imagenes\/grupo.cmd?ocultarCabecera=S&amp;posicion=1&amp;path=3069394&amp;presentacion=pagina\">1 de febrero de 1880<\/a><\/p>\n","protected":false},"excerpt":{"rendered":"<p>De esta representaci\u00f3n del \u00faltimo acto del Tenorio (me falta contexto para entender a qu\u00e9 se refiere) me interesa el monumento funenario que se ve en la parte izquierda: Naci\u00f3 en C\u00e1diz, 1868. Muri\u00f3 en Sagunto 1874. Fue el Sexenio democr\u00e1tico y\/o revolucionario. La Campana de Gr\u00e0cia, 1 de febrero de 1880<\/p>\n","protected":false},"author":358,"featured_media":0,"comment_status":"open","ping_status":"open","sticky":false,"template":"","format":"standard","meta":{"footnotes":""},"categories":[168,2176],"tags":[2179,10719,1532,2496],"class_list":["post-341","post","type-post","status-publish","format-standard","hentry","category-espana","category-la-campana-de-gracia","tag-campanagracia","tag-espana","tag-revolucion","tag-sexenio"],"_links":{"self":[{"href":"https:\/\/blogs.ua.es\/cartones\/index.php?rest_route=\/wp\/v2\/posts\/341","targetHints":{"allow":["GET"]}}],"collection":[{"href":"https:\/\/blogs.ua.es\/cartones\/index.php?rest_route=\/wp\/v2\/posts"}],"about":[{"href":"https:\/\/blogs.ua.es\/cartones\/index.php?rest_route=\/wp\/v2\/types\/post"}],"author":[{"embeddable":true,"href":"https:\/\/blogs.ua.es\/cartones\/index.php?rest_route=\/wp\/v2\/users\/358"}],"replies":[{"embeddable":true,"href":"https:\/\/blogs.ua.es\/cartones\/index.php?rest_route=%2Fwp%2Fv2%2Fcomments&post=341"}],"version-history":[{"count":1,"href":"https:\/\/blogs.ua.es\/cartones\/index.php?rest_route=\/wp\/v2\/posts\/341\/revisions"}],"predecessor-version":[{"id":342,"href":"https:\/\/blogs.ua.es\/cartones\/index.php?rest_route=\/wp\/v2\/posts\/341\/revisions\/342"}],"wp:attachment":[{"href":"https:\/\/blogs.ua.es\/cartones\/index.php?rest_route=%2Fwp%2Fv2%2Fmedia&parent=341"}],"wp:term":[{"taxonomy":"category","embeddable":true,"href":"https:\/\/blogs.ua.es\/cartones\/index.php?rest_route=%2Fwp%2Fv2%2Fcategories&post=341"},{"taxonomy":"post_tag","embeddable":true,"href":"https:\/\/blogs.ua.es\/cartones\/index.php?rest_route=%2Fwp%2Fv2%2Ftags&post=341"}],"curies":[{"name":"wp","href":"https:\/\/api.w.org\/{rel}","templated":true}]}}