{"id":439,"date":"2008-11-01T11:28:47","date_gmt":"2008-11-01T09:28:47","guid":{"rendered":"https:\/\/blogs.ua.es\/cartones\/?p=439"},"modified":"2008-11-01T11:31:57","modified_gmt":"2008-11-01T09:31:57","slug":"munecas-alsacia-o-lorena","status":"publish","type":"post","link":"https:\/\/blogs.ua.es\/cartones\/?p=439","title":{"rendered":"Mu\u00f1ecas Alsacia o Lorena"},"content":{"rendered":"<p style=\"text-align: center\"><a href=\"http:\/\/flickr.com\/photos\/29897722@N06\/2990679209\/sizes\/o\/\"><img decoding=\"async\" class=\"aligncenter\" src=\"http:\/\/farm4.static.flickr.com\/3221\/2990679209_aeefd54ec2.jpg?v=0\" alt=\"\" \/><\/a><\/p>\n<blockquote>\n<p style=\"text-align: left\">Hermandad de Alsacia &#8211; Lorena. \u00a1Mujeres francesas! \u00a1Daos prisa para que durante 1918 podamos darles a las ni\u00f1as pobres una mu\u00f1eca de Alsacia o de Lorena.<\/p>\n<\/blockquote>\n<p style=\"text-align: left\">Con su correspondiente banderita de Francia, para que no haya confusiones.<\/p>\n<p style=\"text-align: left\"><strong>NOTA<\/strong>: Alsacia y Lorena hab\u00edan sido ocupadas en la <a href=\"http:\/\/es.wikipedia.org\/wiki\/Guerra_franco-prusiana\">guerra Franco-Prusiana<\/a> (1870) por tropas alemanes. Durante la Primera Guerra Mundial, uno de los objetivos del gobierno de Francia fue recuperar ambos territorios (En <a href=\"http:\/\/es.wikipedia.org\/wiki\/Imagen:D%C3%A9partements_et_r%C3%A9gions_de_France.svg\">este mapa<\/a> se puede ver su situaci\u00f3n geogr\u00e1fica)<\/p>\n<p style=\"text-align: left\"><a href=\"http:\/\/memory.loc.gov\/service\/pnp\/cph\/3f00000\/3f04000\/3f04000\/3f04025v.jpg\">Visto<\/a> en la <a href=\"http:\/\/www.loc.gov\/\">Biblioteca del Congreso de los EE.UU<\/a> (A partir del pr\u00f3ximo cartel pondr\u00e9 las siglas en ingl\u00e9s, para ahorrar tiempo y caracteres. O sea, LOC)<\/p>\n","protected":false},"excerpt":{"rendered":"<p>Hermandad de Alsacia &#8211; Lorena. \u00a1Mujeres francesas! \u00a1Daos prisa para que durante 1918 podamos darles a las ni\u00f1as pobres una mu\u00f1eca de Alsacia o de Lorena. Con su correspondiente banderita de Francia, para que no haya confusiones. NOTA: Alsacia y Lorena hab\u00edan sido ocupadas en la guerra Franco-Prusiana (1870) por tropas alemanes. Durante la Primera [&hellip;]<\/p>\n","protected":false},"author":358,"featured_media":0,"comment_status":"open","ping_status":"open","sticky":false,"template":"","format":"standard","meta":{"footnotes":""},"categories":[1949,1956],"tags":[1516,10731,1922,1767,2165,1901,1928,2989,2235,1957],"class_list":["post-439","post","type-post","status-publish","format-standard","hentry","category-carteles","category-primera-guerra-mundial","tag-alemania","tag-carteles","tag-francia","tag-guerra","tag-loc","tag-mujeres","tag-nacionalismo","tag-ninas","tag-propaganda","tag-wwi"],"_links":{"self":[{"href":"https:\/\/blogs.ua.es\/cartones\/index.php?rest_route=\/wp\/v2\/posts\/439","targetHints":{"allow":["GET"]}}],"collection":[{"href":"https:\/\/blogs.ua.es\/cartones\/index.php?rest_route=\/wp\/v2\/posts"}],"about":[{"href":"https:\/\/blogs.ua.es\/cartones\/index.php?rest_route=\/wp\/v2\/types\/post"}],"author":[{"embeddable":true,"href":"https:\/\/blogs.ua.es\/cartones\/index.php?rest_route=\/wp\/v2\/users\/358"}],"replies":[{"embeddable":true,"href":"https:\/\/blogs.ua.es\/cartones\/index.php?rest_route=%2Fwp%2Fv2%2Fcomments&post=439"}],"version-history":[{"count":3,"href":"https:\/\/blogs.ua.es\/cartones\/index.php?rest_route=\/wp\/v2\/posts\/439\/revisions"}],"predecessor-version":[{"id":441,"href":"https:\/\/blogs.ua.es\/cartones\/index.php?rest_route=\/wp\/v2\/posts\/439\/revisions\/441"}],"wp:attachment":[{"href":"https:\/\/blogs.ua.es\/cartones\/index.php?rest_route=%2Fwp%2Fv2%2Fmedia&parent=439"}],"wp:term":[{"taxonomy":"category","embeddable":true,"href":"https:\/\/blogs.ua.es\/cartones\/index.php?rest_route=%2Fwp%2Fv2%2Fcategories&post=439"},{"taxonomy":"post_tag","embeddable":true,"href":"https:\/\/blogs.ua.es\/cartones\/index.php?rest_route=%2Fwp%2Fv2%2Ftags&post=439"}],"curies":[{"name":"wp","href":"https:\/\/api.w.org\/{rel}","templated":true}]}}