{"id":488,"date":"2008-11-14T20:01:05","date_gmt":"2008-11-14T18:01:05","guid":{"rendered":"https:\/\/blogs.ua.es\/cartones\/?p=488"},"modified":"2008-11-14T20:01:05","modified_gmt":"2008-11-14T18:01:05","slug":"la-escurridiza-sirenita","status":"publish","type":"post","link":"https:\/\/blogs.ua.es\/cartones\/?p=488","title":{"rendered":"La escurridiza sirenita"},"content":{"rendered":"<p style=\"text-align: center\"><a href=\"http:\/\/flickr.com\/photos\/29897722@N06\/3030309436\/sizes\/o\/\"><img decoding=\"async\" class=\"aligncenter\" src=\"http:\/\/farm4.static.flickr.com\/3162\/3030309436_336e27314c.jpg?v=0\" alt=\"\" \/><\/a><\/p>\n<p style=\"text-align: left\">En 1992, Dinamarca dijo &#8220;No&#8221; al <a href=\"http:\/\/en.wikipedia.org\/wiki\/Maastricht_Treaty\">Tratado de Maastricht<\/a> en un refer\u00e9ndum. M\u00e1s tarde los daneses consiguieron incluir una serie de cl\u00e1usulas en pol\u00edtica social, se repiti\u00f3 el refer\u00e9ndum y sali\u00f3 el deseado &#8220;S\u00ed&#8221;.<\/p>\n<p style=\"text-align: left\">C\u00f3mo se nota que estoy cursando una asignatura sobre el proceso de integraci\u00f3n europea. Como estoy tan ocupado, aprovecho para unir blog y estudios.<\/p>\n<p style=\"text-align: left\">Leslie Gibbard, <em>The Guardian<\/em>, 10 de junio de 1992.<\/p>\n","protected":false},"excerpt":{"rendered":"<p>En 1992, Dinamarca dijo &#8220;No&#8221; al Tratado de Maastricht en un refer\u00e9ndum. M\u00e1s tarde los daneses consiguieron incluir una serie de cl\u00e1usulas en pol\u00edtica social, se repiti\u00f3 el refer\u00e9ndum y sali\u00f3 el deseado &#8220;S\u00ed&#8221;. C\u00f3mo se nota que estoy cursando una asignatura sobre el proceso de integraci\u00f3n europea. Como estoy tan ocupado, aprovecho para unir [&hellip;]<\/p>\n","protected":false},"author":358,"featured_media":0,"comment_status":"open","ping_status":"open","sticky":false,"template":"","format":"standard","meta":{"footnotes":""},"categories":[1184],"tags":[3318,10725,3317,3319,3199,3320,779],"class_list":["post-488","post","type-post","status-publish","format-standard","hentry","category-europa","tag-dinamarca","tag-europa","tag-gibbard","tag-maastricht","tag-referendum","tag-tratado","tag-ue"],"_links":{"self":[{"href":"https:\/\/blogs.ua.es\/cartones\/index.php?rest_route=\/wp\/v2\/posts\/488","targetHints":{"allow":["GET"]}}],"collection":[{"href":"https:\/\/blogs.ua.es\/cartones\/index.php?rest_route=\/wp\/v2\/posts"}],"about":[{"href":"https:\/\/blogs.ua.es\/cartones\/index.php?rest_route=\/wp\/v2\/types\/post"}],"author":[{"embeddable":true,"href":"https:\/\/blogs.ua.es\/cartones\/index.php?rest_route=\/wp\/v2\/users\/358"}],"replies":[{"embeddable":true,"href":"https:\/\/blogs.ua.es\/cartones\/index.php?rest_route=%2Fwp%2Fv2%2Fcomments&post=488"}],"version-history":[{"count":1,"href":"https:\/\/blogs.ua.es\/cartones\/index.php?rest_route=\/wp\/v2\/posts\/488\/revisions"}],"predecessor-version":[{"id":489,"href":"https:\/\/blogs.ua.es\/cartones\/index.php?rest_route=\/wp\/v2\/posts\/488\/revisions\/489"}],"wp:attachment":[{"href":"https:\/\/blogs.ua.es\/cartones\/index.php?rest_route=%2Fwp%2Fv2%2Fmedia&parent=488"}],"wp:term":[{"taxonomy":"category","embeddable":true,"href":"https:\/\/blogs.ua.es\/cartones\/index.php?rest_route=%2Fwp%2Fv2%2Fcategories&post=488"},{"taxonomy":"post_tag","embeddable":true,"href":"https:\/\/blogs.ua.es\/cartones\/index.php?rest_route=%2Fwp%2Fv2%2Ftags&post=488"}],"curies":[{"name":"wp","href":"https:\/\/api.w.org\/{rel}","templated":true}]}}