{"id":561,"date":"2008-12-11T12:53:51","date_gmt":"2008-12-11T10:53:51","guid":{"rendered":"https:\/\/blogs.ua.es\/cartones\/?p=561"},"modified":"2008-12-11T12:53:51","modified_gmt":"2008-12-11T10:53:51","slug":"si","status":"publish","type":"post","link":"https:\/\/blogs.ua.es\/cartones\/?p=561","title":{"rendered":"S\u00ed"},"content":{"rendered":"<p style=\"text-align: center\"><a href=\"http:\/\/flickr.com\/photos\/29897722@N06\/3100207206\/sizes\/o\/\"><img decoding=\"async\" class=\"aligncenter\" src=\"http:\/\/farm4.static.flickr.com\/3116\/3100207206_01905ef493.jpg?v=0\" alt=\"\" \/><\/a><\/p>\n<p style=\"text-align: left\">Las vi\u00f1etas &#8220;mudas&#8221; son mis favoritas. Aunque en ocasiones el mensaje no est\u00e9 claro, aqu\u00ed ocurre todo lo contrario. Tal vez en 2008 (casi 2009) no lo pillemos a la primera, pero si digo que la vi\u00f1eta es del 17 de diciembre de 1976 y que dos d\u00edas antes de celebr\u00f3 el <a href=\"http:\/\/es.wikipedia.org\/wiki\/Refer%C3%A9ndum_sobre_la_Ley_para_la_Reforma_Pol%C3%ADtica\">Refer\u00e9ndum sobre la Ley para la Reforma Pol\u00edtica<\/a>&#8230;<\/p>\n<p style=\"text-align: left\">Entonces un posible texto para la vi\u00f1eta podr\u00eda ser: <strong>El &#8220;s\u00ed&#8221; se carg\u00f3 el b\u00fanker<\/strong> (En realidad tardar\u00eda varios a\u00f1os en caer del todo, pero se di\u00f3 el primer paso)<\/p>\n<p style=\"text-align: left\">El Perich, <em>La Vanguardia<\/em>, <a href=\"http:\/\/hemeroteca.lavanguardia.es\/preview\/1976\/12\/17\/pagina-11\/33631029\/pdf.html\">17-12-1976<\/a><\/p>\n","protected":false},"excerpt":{"rendered":"<p>Las vi\u00f1etas &#8220;mudas&#8221; son mis favoritas. Aunque en ocasiones el mensaje no est\u00e9 claro, aqu\u00ed ocurre todo lo contrario. Tal vez en 2008 (casi 2009) no lo pillemos a la primera, pero si digo que la vi\u00f1eta es del 17 de diciembre de 1976 y que dos d\u00edas antes de celebr\u00f3 el Refer\u00e9ndum sobre la [&hellip;]<\/p>\n","protected":false},"author":358,"featured_media":0,"comment_status":"open","ping_status":"open","sticky":false,"template":"","format":"standard","meta":{"footnotes":""},"categories":[168,3004],"tags":[4028,2490,10719,3000,1859,3199,4029,4030,422],"class_list":["post-561","post","type-post","status-publish","format-standard","hentry","category-espana","category-la-vanguardia","tag-bunker","tag-democracia","tag-espana","tag-lavanguardia","tag-perich","tag-referendum","tag-reforma","tag-suarez","tag-transicion"],"_links":{"self":[{"href":"https:\/\/blogs.ua.es\/cartones\/index.php?rest_route=\/wp\/v2\/posts\/561","targetHints":{"allow":["GET"]}}],"collection":[{"href":"https:\/\/blogs.ua.es\/cartones\/index.php?rest_route=\/wp\/v2\/posts"}],"about":[{"href":"https:\/\/blogs.ua.es\/cartones\/index.php?rest_route=\/wp\/v2\/types\/post"}],"author":[{"embeddable":true,"href":"https:\/\/blogs.ua.es\/cartones\/index.php?rest_route=\/wp\/v2\/users\/358"}],"replies":[{"embeddable":true,"href":"https:\/\/blogs.ua.es\/cartones\/index.php?rest_route=%2Fwp%2Fv2%2Fcomments&post=561"}],"version-history":[{"count":2,"href":"https:\/\/blogs.ua.es\/cartones\/index.php?rest_route=\/wp\/v2\/posts\/561\/revisions"}],"predecessor-version":[{"id":1105,"href":"https:\/\/blogs.ua.es\/cartones\/index.php?rest_route=\/wp\/v2\/posts\/561\/revisions\/1105"}],"wp:attachment":[{"href":"https:\/\/blogs.ua.es\/cartones\/index.php?rest_route=%2Fwp%2Fv2%2Fmedia&parent=561"}],"wp:term":[{"taxonomy":"category","embeddable":true,"href":"https:\/\/blogs.ua.es\/cartones\/index.php?rest_route=%2Fwp%2Fv2%2Fcategories&post=561"},{"taxonomy":"post_tag","embeddable":true,"href":"https:\/\/blogs.ua.es\/cartones\/index.php?rest_route=%2Fwp%2Fv2%2Ftags&post=561"}],"curies":[{"name":"wp","href":"https:\/\/api.w.org\/{rel}","templated":true}]}}