{"id":781,"date":"2009-01-30T12:31:41","date_gmt":"2009-01-30T10:31:41","guid":{"rendered":"https:\/\/blogs.ua.es\/cartones\/?p=781"},"modified":"2009-01-30T12:31:41","modified_gmt":"2009-01-30T10:31:41","slug":"predemocracia-inorganica-organica","status":"publish","type":"post","link":"https:\/\/blogs.ua.es\/cartones\/?p=781","title":{"rendered":"Predemocracia inorg\u00e1nica org\u00e1nica"},"content":{"rendered":"<p style=\"text-align: center\"><a href=\"http:\/\/flickr.com\/photos\/29897722@N06\/3238812124\/sizes\/o\/\"><img decoding=\"async\" class=\"aligncenter\" src=\"http:\/\/farm4.static.flickr.com\/3298\/3238812124_005025bd25.jpg?v=0\" alt=\"\" \/><\/a><\/p>\n<p style=\"text-align: left\">La primera etapa de la Transici\u00f3n espa\u00f1ola se caracteriz\u00f3 por la indefinici\u00f3n. Formal y jur\u00eddicamente el Franquismo no hab\u00eda desaparecido, pero al mismo tiempo se respiraban tiempos de cambio.<\/p>\n<p style=\"text-align: left\">El refer\u00e9ndum del 15 de diciembre de 1976 para la reforma pol\u00edtica empez\u00f3 a aclarar un poco esta situaci\u00f3n.<\/p>\n<p style=\"text-align: left\">El Perich, <em>La Vanguardia<\/em>, <a href=\"http:\/\/hemeroteca.lavanguardia.es\/preview\/1976\/12\/14\/pagina-15\/33629833\/pdf.html\">14-12-1976<\/a><\/p>\n","protected":false},"excerpt":{"rendered":"<p>La primera etapa de la Transici\u00f3n espa\u00f1ola se caracteriz\u00f3 por la indefinici\u00f3n. Formal y jur\u00eddicamente el Franquismo no hab\u00eda desaparecido, pero al mismo tiempo se respiraban tiempos de cambio. El refer\u00e9ndum del 15 de diciembre de 1976 para la reforma pol\u00edtica empez\u00f3 a aclarar un poco esta situaci\u00f3n. El Perich, La Vanguardia, 14-12-1976<\/p>\n","protected":false},"author":358,"featured_media":0,"comment_status":"open","ping_status":"open","sticky":false,"template":"","format":"standard","meta":{"footnotes":""},"categories":[168,3004],"tags":[2490,10719,423,1859,3199,4029,422],"class_list":["post-781","post","type-post","status-publish","format-standard","hentry","category-espana","category-la-vanguardia","tag-democracia","tag-espana","tag-franquismo","tag-perich","tag-referendum","tag-reforma","tag-transicion"],"_links":{"self":[{"href":"https:\/\/blogs.ua.es\/cartones\/index.php?rest_route=\/wp\/v2\/posts\/781","targetHints":{"allow":["GET"]}}],"collection":[{"href":"https:\/\/blogs.ua.es\/cartones\/index.php?rest_route=\/wp\/v2\/posts"}],"about":[{"href":"https:\/\/blogs.ua.es\/cartones\/index.php?rest_route=\/wp\/v2\/types\/post"}],"author":[{"embeddable":true,"href":"https:\/\/blogs.ua.es\/cartones\/index.php?rest_route=\/wp\/v2\/users\/358"}],"replies":[{"embeddable":true,"href":"https:\/\/blogs.ua.es\/cartones\/index.php?rest_route=%2Fwp%2Fv2%2Fcomments&post=781"}],"version-history":[{"count":1,"href":"https:\/\/blogs.ua.es\/cartones\/index.php?rest_route=\/wp\/v2\/posts\/781\/revisions"}],"predecessor-version":[{"id":782,"href":"https:\/\/blogs.ua.es\/cartones\/index.php?rest_route=\/wp\/v2\/posts\/781\/revisions\/782"}],"wp:attachment":[{"href":"https:\/\/blogs.ua.es\/cartones\/index.php?rest_route=%2Fwp%2Fv2%2Fmedia&parent=781"}],"wp:term":[{"taxonomy":"category","embeddable":true,"href":"https:\/\/blogs.ua.es\/cartones\/index.php?rest_route=%2Fwp%2Fv2%2Fcategories&post=781"},{"taxonomy":"post_tag","embeddable":true,"href":"https:\/\/blogs.ua.es\/cartones\/index.php?rest_route=%2Fwp%2Fv2%2Ftags&post=781"}],"curies":[{"name":"wp","href":"https:\/\/api.w.org\/{rel}","templated":true}]}}