{"id":816,"date":"2009-02-03T13:50:53","date_gmt":"2009-02-03T11:50:53","guid":{"rendered":"https:\/\/blogs.ua.es\/cartones\/?p=816"},"modified":"2009-06-05T20:09:10","modified_gmt":"2009-06-05T18:09:10","slug":"humor-grafico-y-derechos-humanos","status":"publish","type":"post","link":"https:\/\/blogs.ua.es\/cartones\/?p=816","title":{"rendered":"Humor gr\u00e1fico y derechos humanos"},"content":{"rendered":"<p>He encontrado una <a href=\"http:\/\/www.amnistiacatalunya.org\/edu\/guia\/es\/p-tem-humor.html\">propuesta did\u00e1ctica<\/a> (\u00bfSe llama as\u00ed?) que cre\u00f3 Aminist\u00eda Internacional de Catalunya para trabajar el tema de los derechos humanos con alumnos de ESO y Bachillerato a trav\u00e9s del humor gr\u00e1fico.<\/p>\n<p>Como entusiasta del humor gr\u00e1fico creo que es una iniciativa muy buena, porque permite desarrollar debates con los alumnos partiendo de una simple imagen o chiste, lo que puede resultar m\u00e1s operativo desde un punto de vista docente (Mejor empezar as\u00ed que no, por ejemplo, leer con voz mon\u00f3tona la declaraci\u00f3n de los derechos humanos)<\/p>\n<p>Por supuesto, esa actividad deber\u00eda realizarse con textos de apoyo que permitieran contextualizar las vi\u00f1etas y crear nuevos temas de debate.<\/p>\n<p>Las im\u00e1genes seleccionadas tratan asuntos como la tortura, la tolerancia, el racismo, la violencia de g\u00e9nero, la pobreza, etc. He aqu\u00ed un ejemplo:<\/p>\n<p style=\"text-align: center\"><a href=\"http:\/\/flickr.com\/photos\/29897722@N06\/3249636903\/sizes\/o\/\"><img loading=\"lazy\" decoding=\"async\" class=\"aligncenter\" src=\"http:\/\/farm4.static.flickr.com\/3498\/3249636903_f3890cc52f.jpg?v=0\" alt=\"\" width=\"329\" height=\"221\" \/><\/a><\/p>\n<p style=\"text-align: left\">Lo dicho, <a href=\"http:\/\/www.amnistiacatalunya.org\/edu\/guia\/es\/p-tem-humor.html\">muy recomendable<\/a>.<\/p>\n<p style=\"text-align: left\">\n","protected":false},"excerpt":{"rendered":"<p>He encontrado una propuesta did\u00e1ctica (\u00bfSe llama as\u00ed?) que cre\u00f3 Aminist\u00eda Internacional de Catalunya para trabajar el tema de los derechos humanos con alumnos de ESO y Bachillerato a trav\u00e9s del humor gr\u00e1fico. Como entusiasta del humor gr\u00e1fico creo que es una iniciativa muy buena, porque permite desarrollar debates con los alumnos partiendo de una [&hellip;]<\/p>\n","protected":false},"author":358,"featured_media":0,"comment_status":"open","ping_status":"open","sticky":false,"template":"","format":"standard","meta":{"footnotes":""},"categories":[985],"tags":[4645,10724,4646,1946,4642,256,2287,1300,1901,2133,2184,4644,4643,2049],"class_list":["post-816","post","type-post","status-publish","format-standard","hentry","category-biblioteca","tag-ai","tag-biblioteca","tag-colegios","tag-derechos","tag-derechoshumanos","tag-educacion","tag-genero","tag-libertad","tag-mujeres","tag-pobreza","tag-racismo","tag-tolerancia","tag-tortura","tag-violencia"],"_links":{"self":[{"href":"https:\/\/blogs.ua.es\/cartones\/index.php?rest_route=\/wp\/v2\/posts\/816","targetHints":{"allow":["GET"]}}],"collection":[{"href":"https:\/\/blogs.ua.es\/cartones\/index.php?rest_route=\/wp\/v2\/posts"}],"about":[{"href":"https:\/\/blogs.ua.es\/cartones\/index.php?rest_route=\/wp\/v2\/types\/post"}],"author":[{"embeddable":true,"href":"https:\/\/blogs.ua.es\/cartones\/index.php?rest_route=\/wp\/v2\/users\/358"}],"replies":[{"embeddable":true,"href":"https:\/\/blogs.ua.es\/cartones\/index.php?rest_route=%2Fwp%2Fv2%2Fcomments&post=816"}],"version-history":[{"count":2,"href":"https:\/\/blogs.ua.es\/cartones\/index.php?rest_route=\/wp\/v2\/posts\/816\/revisions"}],"predecessor-version":[{"id":1266,"href":"https:\/\/blogs.ua.es\/cartones\/index.php?rest_route=\/wp\/v2\/posts\/816\/revisions\/1266"}],"wp:attachment":[{"href":"https:\/\/blogs.ua.es\/cartones\/index.php?rest_route=%2Fwp%2Fv2%2Fmedia&parent=816"}],"wp:term":[{"taxonomy":"category","embeddable":true,"href":"https:\/\/blogs.ua.es\/cartones\/index.php?rest_route=%2Fwp%2Fv2%2Fcategories&post=816"},{"taxonomy":"post_tag","embeddable":true,"href":"https:\/\/blogs.ua.es\/cartones\/index.php?rest_route=%2Fwp%2Fv2%2Ftags&post=816"}],"curies":[{"name":"wp","href":"https:\/\/api.w.org\/{rel}","templated":true}]}}