{"id":844,"date":"2009-02-09T19:10:38","date_gmt":"2009-02-09T17:10:38","guid":{"rendered":"https:\/\/blogs.ua.es\/cartones\/?p=844"},"modified":"2009-02-09T19:10:38","modified_gmt":"2009-02-09T17:10:38","slug":"generalitat-futbolera","status":"publish","type":"post","link":"https:\/\/blogs.ua.es\/cartones\/?p=844","title":{"rendered":"Generalitat futbolera"},"content":{"rendered":"<p style=\"text-align: center\"><a href=\"http:\/\/flickr.com\/photos\/29897722@N06\/3267169658\/sizes\/o\/\"><img decoding=\"async\" class=\"aligncenter\" src=\"http:\/\/farm4.static.flickr.com\/3443\/3267169658_5b62e038cb.jpg?v=0\" alt=\"\" \/><\/a><\/p>\n<p style=\"text-align: left\">Esta portada de <a href=\"http:\/\/www.eljueves.es\">El Jueves<\/a> dedicada a la reinstauraci\u00f3n de la Generalitat vuelve a demostrar las conexiones entre Catalu\u00f1a y el F.C. Barcelona, el <a href=\"http:\/\/www.vespito.net\/mvm\/bar100.html\">desarmado ej\u00e9rcito simb\u00f3lico de Catalu\u00f1a<\/a>, seg\u00fan acu\u00f1\u00f3 de manera brillante Manuel V\u00e1zquez Montalb\u00e1n.<\/p>\n<p style=\"text-align: left\">Visto en <em>El Jueves. 15 a\u00f1os de historia<\/em>.<\/p>\n<p style=\"text-align: left\">(<a href=\"https:\/\/blogs.ua.es\/cartones\/?p=800\">Post<\/a> relacionado)<\/p>\n","protected":false},"excerpt":{"rendered":"<p>Esta portada de El Jueves dedicada a la reinstauraci\u00f3n de la Generalitat vuelve a demostrar las conexiones entre Catalu\u00f1a y el F.C. Barcelona, el desarmado ej\u00e9rcito simb\u00f3lico de Catalu\u00f1a, seg\u00fan acu\u00f1\u00f3 de manera brillante Manuel V\u00e1zquez Montalb\u00e1n. Visto en El Jueves. 15 a\u00f1os de historia. (Post relacionado)<\/p>\n","protected":false},"author":358,"featured_media":0,"comment_status":"open","ping_status":"open","sticky":false,"template":"","format":"standard","meta":{"footnotes":""},"categories":[168,2281],"tags":[1023,1077,2024,326,1821,497,4703,1928,2487,4702],"class_list":["post-844","post","type-post","status-publish","format-standard","hentry","category-espana","category-portadas-de-revistas","tag-barca","tag-barcelona","tag-cataluna","tag-deporte","tag-eljueves","tag-futbol","tag-generalitar","tag-nacionalismo","tag-portada","tag-tarradellas"],"_links":{"self":[{"href":"https:\/\/blogs.ua.es\/cartones\/index.php?rest_route=\/wp\/v2\/posts\/844","targetHints":{"allow":["GET"]}}],"collection":[{"href":"https:\/\/blogs.ua.es\/cartones\/index.php?rest_route=\/wp\/v2\/posts"}],"about":[{"href":"https:\/\/blogs.ua.es\/cartones\/index.php?rest_route=\/wp\/v2\/types\/post"}],"author":[{"embeddable":true,"href":"https:\/\/blogs.ua.es\/cartones\/index.php?rest_route=\/wp\/v2\/users\/358"}],"replies":[{"embeddable":true,"href":"https:\/\/blogs.ua.es\/cartones\/index.php?rest_route=%2Fwp%2Fv2%2Fcomments&post=844"}],"version-history":[{"count":2,"href":"https:\/\/blogs.ua.es\/cartones\/index.php?rest_route=\/wp\/v2\/posts\/844\/revisions"}],"predecessor-version":[{"id":847,"href":"https:\/\/blogs.ua.es\/cartones\/index.php?rest_route=\/wp\/v2\/posts\/844\/revisions\/847"}],"wp:attachment":[{"href":"https:\/\/blogs.ua.es\/cartones\/index.php?rest_route=%2Fwp%2Fv2%2Fmedia&parent=844"}],"wp:term":[{"taxonomy":"category","embeddable":true,"href":"https:\/\/blogs.ua.es\/cartones\/index.php?rest_route=%2Fwp%2Fv2%2Fcategories&post=844"},{"taxonomy":"post_tag","embeddable":true,"href":"https:\/\/blogs.ua.es\/cartones\/index.php?rest_route=%2Fwp%2Fv2%2Ftags&post=844"}],"curies":[{"name":"wp","href":"https:\/\/api.w.org\/{rel}","templated":true}]}}