{"id":860,"date":"2009-02-12T18:46:31","date_gmt":"2009-02-12T16:46:31","guid":{"rendered":"https:\/\/blogs.ua.es\/cartones\/?p=860"},"modified":"2009-02-12T18:46:31","modified_gmt":"2009-02-12T16:46:31","slug":"refundacion","status":"publish","type":"post","link":"https:\/\/blogs.ua.es\/cartones\/?p=860","title":{"rendered":"Refundaci\u00f3n"},"content":{"rendered":"<p style=\"text-align: center\"><a href=\"http:\/\/flickr.com\/photos\/29897722@N06\/3273908479\/sizes\/o\/\"><img decoding=\"async\" class=\"aligncenter\" src=\"http:\/\/farm4.static.flickr.com\/3306\/3273908479_3681ce415b.jpg?v=0\" alt=\"\" \/><\/a><\/p>\n<p style=\"text-align: left\">Interpretaci\u00f3n del resultado del <a href=\"http:\/\/www.elpais.com\/articulo\/internacional\/ajustado\/resultado\/referendum\/complica\/gobernabilidad\/Bolivia\/elpepuint\/20090127elpepiint_6\/Tes\">refer\u00e9ndum constitucional de Bolivia<\/a> que se celebr\u00f3 hace unas pocas semanas.<\/p>\n<p style=\"text-align: left\">La <a href=\"http:\/\/www.granma.cu\/espanol\/2009\/caricatura\/enero-09\/refundacion.html\">vi\u00f1eta<\/a> la encontr\u00e9 en <em>Granma<\/em>, el peri\u00f3dico del Partido Comunista Cubano, y es de Tomy.<\/p>\n","protected":false},"excerpt":{"rendered":"<p>Interpretaci\u00f3n del resultado del refer\u00e9ndum constitucional de Bolivia que se celebr\u00f3 hace unas pocas semanas. La vi\u00f1eta la encontr\u00e9 en Granma, el peri\u00f3dico del Partido Comunista Cubano, y es de Tomy.<\/p>\n","protected":false},"author":358,"featured_media":0,"comment_status":"open","ping_status":"open","sticky":false,"template":"","format":"standard","meta":{"footnotes":""},"categories":[840],"tags":[2266,2221,1768,4754,4163,4753,4755,3199],"class_list":["post-860","post","type-post","status-publish","format-standard","hentry","category-actualidad","tag-america","tag-bolivia","tag-cuba","tag-evomorales","tag-granma","tag-indigenismo","tag-morales","tag-referendum"],"_links":{"self":[{"href":"https:\/\/blogs.ua.es\/cartones\/index.php?rest_route=\/wp\/v2\/posts\/860","targetHints":{"allow":["GET"]}}],"collection":[{"href":"https:\/\/blogs.ua.es\/cartones\/index.php?rest_route=\/wp\/v2\/posts"}],"about":[{"href":"https:\/\/blogs.ua.es\/cartones\/index.php?rest_route=\/wp\/v2\/types\/post"}],"author":[{"embeddable":true,"href":"https:\/\/blogs.ua.es\/cartones\/index.php?rest_route=\/wp\/v2\/users\/358"}],"replies":[{"embeddable":true,"href":"https:\/\/blogs.ua.es\/cartones\/index.php?rest_route=%2Fwp%2Fv2%2Fcomments&post=860"}],"version-history":[{"count":1,"href":"https:\/\/blogs.ua.es\/cartones\/index.php?rest_route=\/wp\/v2\/posts\/860\/revisions"}],"predecessor-version":[{"id":861,"href":"https:\/\/blogs.ua.es\/cartones\/index.php?rest_route=\/wp\/v2\/posts\/860\/revisions\/861"}],"wp:attachment":[{"href":"https:\/\/blogs.ua.es\/cartones\/index.php?rest_route=%2Fwp%2Fv2%2Fmedia&parent=860"}],"wp:term":[{"taxonomy":"category","embeddable":true,"href":"https:\/\/blogs.ua.es\/cartones\/index.php?rest_route=%2Fwp%2Fv2%2Fcategories&post=860"},{"taxonomy":"post_tag","embeddable":true,"href":"https:\/\/blogs.ua.es\/cartones\/index.php?rest_route=%2Fwp%2Fv2%2Ftags&post=860"}],"curies":[{"name":"wp","href":"https:\/\/api.w.org\/{rel}","templated":true}]}}