{"id":898,"date":"2009-02-21T20:53:53","date_gmt":"2009-02-21T18:53:53","guid":{"rendered":"https:\/\/blogs.ua.es\/cartones\/?p=898"},"modified":"2009-02-21T20:53:53","modified_gmt":"2009-02-21T18:53:53","slug":"apartheid","status":"publish","type":"post","link":"https:\/\/blogs.ua.es\/cartones\/?p=898","title":{"rendered":"Apartheid"},"content":{"rendered":"<p style=\"text-align: center\"><a href=\"http:\/\/flickr.com\/photos\/29897722@N06\/3297343339\/sizes\/o\/\"><img decoding=\"async\" class=\"aligncenter\" src=\"http:\/\/farm4.static.flickr.com\/3419\/3297343339_0fd022b6d3.jpg?v=0\" alt=\"\" \/><\/a><\/p>\n<p style=\"text-align: left\">Aparece <a href=\"http:\/\/en.wikipedia.org\/wiki\/Frederik_Willem_de_Klerk\">Frederick de Clerk<\/a> -presidente de Sud\u00e1frica en esa \u00e9poca- derruyendo el muro del apartheid, el muro de la segregaci\u00f3n racial. Curiosamente, el d\u00eda que se public\u00f3 la vi\u00f1eta, dos individuos negros pertenecientes al ala armada del Congreso Nacional Africano, el partido de Mandela, mataron (al parecer de forma fortuita) a una madre y un hijo blancos.<\/p>\n<p style=\"text-align: left\">Conclusi\u00f3n: quedaba -y queda- mucho por hacer en Sud\u00e1frica. En la actualidad, por ejemplo, el principal problema que acecha a Sud\u00e1frica es la xenofobia y el rechazo que est\u00e1n causando&#8230; los <a href=\"http:\/\/www.guardian.co.uk\/world\/2008\/may\/25\/southafrica\">inmigrantes procedentes de Mozambique y, sobre todo, de Zimbabwe<\/a>. Un caso digno de estudio: c\u00f3mo un pa\u00eds dividido por el racismo se ha convertido en el pa\u00eds m\u00e1s pr\u00f3spero de \u00c1frica, y pese a todo sigue teniendo tasas elevadas de infectados por SIDA, c\u00f3lera&#8230; Ahora sabemos poco de este pa\u00eds lleno de contrastes, pero esperad un a\u00f1o y medio cuando llegue el <a href=\"http:\/\/www.fifa.com\/worldcup\/index.html\">Mundial de f\u00fatbol de Sud\u00e1frica<\/a>. Es lo que tiene la dictadura de los eventos multitudinarios.<\/p>\n<p style=\"text-align: left\">Nicholas Garland, <em>Daily Telegraph<\/em>, <a href=\"http:\/\/www.cartoons.ac.uk\/record\/NG5208\">20 de marzo de 1993<\/a><\/p>\n","protected":false},"excerpt":{"rendered":"<p>Aparece Frederick de Clerk -presidente de Sud\u00e1frica en esa \u00e9poca- derruyendo el muro del apartheid, el muro de la segregaci\u00f3n racial. Curiosamente, el d\u00eda que se public\u00f3 la vi\u00f1eta, dos individuos negros pertenecientes al ala armada del Congreso Nacional Africano, el partido de Mandela, mataron (al parecer de forma fortuita) a una madre y un [&hellip;]<\/p>\n","protected":false},"author":358,"featured_media":0,"comment_status":"open","ping_status":"open","sticky":false,"template":"","format":"standard","meta":{"footnotes":""},"categories":[2062],"tags":[10734,4831,4282,4829,4120,3240,2621,2184,2623,3242,4830],"class_list":["post-898","post","type-post","status-publish","format-standard","hentry","category-africa","tag-africa","tag-apartheid","tag-blancos","tag-declerk","tag-garland","tag-mandela","tag-negros","tag-racismo","tag-segregacion","tag-sudafrica","tag-xenofobia"],"_links":{"self":[{"href":"https:\/\/blogs.ua.es\/cartones\/index.php?rest_route=\/wp\/v2\/posts\/898","targetHints":{"allow":["GET"]}}],"collection":[{"href":"https:\/\/blogs.ua.es\/cartones\/index.php?rest_route=\/wp\/v2\/posts"}],"about":[{"href":"https:\/\/blogs.ua.es\/cartones\/index.php?rest_route=\/wp\/v2\/types\/post"}],"author":[{"embeddable":true,"href":"https:\/\/blogs.ua.es\/cartones\/index.php?rest_route=\/wp\/v2\/users\/358"}],"replies":[{"embeddable":true,"href":"https:\/\/blogs.ua.es\/cartones\/index.php?rest_route=%2Fwp%2Fv2%2Fcomments&post=898"}],"version-history":[{"count":2,"href":"https:\/\/blogs.ua.es\/cartones\/index.php?rest_route=\/wp\/v2\/posts\/898\/revisions"}],"predecessor-version":[{"id":900,"href":"https:\/\/blogs.ua.es\/cartones\/index.php?rest_route=\/wp\/v2\/posts\/898\/revisions\/900"}],"wp:attachment":[{"href":"https:\/\/blogs.ua.es\/cartones\/index.php?rest_route=%2Fwp%2Fv2%2Fmedia&parent=898"}],"wp:term":[{"taxonomy":"category","embeddable":true,"href":"https:\/\/blogs.ua.es\/cartones\/index.php?rest_route=%2Fwp%2Fv2%2Fcategories&post=898"},{"taxonomy":"post_tag","embeddable":true,"href":"https:\/\/blogs.ua.es\/cartones\/index.php?rest_route=%2Fwp%2Fv2%2Ftags&post=898"}],"curies":[{"name":"wp","href":"https:\/\/api.w.org\/{rel}","templated":true}]}}