{"id":989,"date":"2009-03-12T13:17:26","date_gmt":"2009-03-12T11:17:26","guid":{"rendered":"https:\/\/blogs.ua.es\/cartones\/?p=989"},"modified":"2009-03-12T13:17:26","modified_gmt":"2009-03-12T11:17:26","slug":"ovejas-de-colores","status":"publish","type":"post","link":"https:\/\/blogs.ua.es\/cartones\/?p=989","title":{"rendered":"Ovejas de colores"},"content":{"rendered":"<p>Hoy es uno de esos d\u00edas en los que me arrepiento por no haber estudiado franc\u00e9s en el colegio \u00bfPor qu\u00e9 elegir\u00eda Laboratorio de F\u00edsica y Qu\u00edmica en vez de la lengua de Voltaire y Montesquieu? Bueno, al menos aprend\u00ed qu\u00e9 carajo es el <a href=\"http:\/\/es.wikipedia.org\/wiki\/Principio_de_Arqu%C3%ADmedes\">Principio de Arqu\u00edmedes<\/a>.<\/p>\n<p>Digo todo esto porque he descubierto una fant\u00e1stica revista electr\u00f3nica dedicada a asuntos europeos&#8230; que lamentablemente para m\u00ed est\u00e1 en franc\u00e9s. Se llama <a href=\"http:\/\/www.journaleuropa.info\">Journal Europa<\/a>, y adem\u00e1s de los interesantes art\u00edculos que contiene -bueno, eso en teor\u00eda despu\u00e9s de que haya descifrado algunas palabras gracias a mi conocimiento del castellano y el catal\u00e1n- veo que se preocupan por la informaci\u00f3n gr\u00e1fica: las portadas est\u00e1n bien y tambi\u00e9n incluyen humor gr\u00e1fico que a primera vista no parece muy dif\u00edcil de traducir (\u00a1Gracias, <a href=\"http:\/\/www.wordreference.com\">Wordreference<\/a>!)<\/p>\n<p>El n\u00famero de este mes est\u00e1 dedicado a Suiza, un pa\u00eds hermoso y complejo al mismo tiempo. Supongo que recordar\u00e9is que la campa\u00f1a electoral de 2007 estuvo marcada por el rechazo a los inmigrantes, que plasm\u00f3 en la vergonzosa oveja negra que era expulsada por sus compa\u00f1eras, las ovejas blancas:<\/p>\n<p style=\"text-align: center\"><a href=\"http:\/\/www.flickr.com\/photos\/29897722@N06\/3349051022\/sizes\/o\/\"><img decoding=\"async\" class=\"aligncenter\" src=\"http:\/\/farm4.static.flickr.com\/3623\/3349051022_0e196afbe0.jpg?v=0\" alt=\"\" \/><\/a><\/p>\n<p style=\"text-align: left\">Esta campa\u00f1a, orquestada desde el partido populista UDC, supongo que tuvo un efecto negativo para la imagen de Suiza en el exterior. Muchos hemos asociado -por mucho que queramos huir de injustos prejuicios- desde entonces a Suiza con la xenofobia m\u00e1s inadmisible.<\/p>\n<p style=\"text-align: left\">Sin embargo, hoy he descubierto que desde el propio pa\u00eds helv\u00e9tico se intent\u00f3 dar un giro de 180\u00ba a esta imagen tan negativa. Un grupo de personas crearon Moutons de Garde (algo as\u00ed como &#8220;ovejas en guardia&#8221;), una asociaci\u00f3n que pretende fomentar la diversidad y el debate sobre la integraci\u00f3n de los muchos inmigrantes que hay en Suiza.<\/p>\n<p style=\"text-align: left\">\n<p style=\"text-align: center\"><a href=\"http:\/\/www.flickr.com\/photos\/29897722@N06\/3348219259\/sizes\/o\/\"><img loading=\"lazy\" decoding=\"async\" class=\"aligncenter\" src=\"http:\/\/farm4.static.flickr.com\/3444\/3348219259_fb7b1eb2a0.jpg?v=0\" alt=\"\" width=\"384\" height=\"241\" \/><\/a><\/p>\n<p style=\"text-align: left\">Su distintivo, ovejas negras de colores, se opone frontalmente a la exclusividad de las ovejas blancas.<\/p>\n<p style=\"text-align: left\">Esto demuestra que con un poco de imaginaci\u00f3n y de iron\u00eda se puede poner en cuesti\u00f3n actitudes que parec\u00edan enterradas y olvidadas.<\/p>\n<p style=\"text-align: left\">(Por cierto, las im\u00e1genes las encontr\u00e9 en <a href=\"http:\/\/www.journaleuropa.info\/FR_article\/n462t0j0d0-europe-democratie-direct-udc-christophe-blocher-federalisme.html\">este art\u00edculo<\/a>)<\/p>\n","protected":false},"excerpt":{"rendered":"<p>Hoy es uno de esos d\u00edas en los que me arrepiento por no haber estudiado franc\u00e9s en el colegio \u00bfPor qu\u00e9 elegir\u00eda Laboratorio de F\u00edsica y Qu\u00edmica en vez de la lengua de Voltaire y Montesquieu? Bueno, al menos aprend\u00ed qu\u00e9 carajo es el Principio de Arqu\u00edmedes. Digo todo esto porque he descubierto una fant\u00e1stica [&hellip;]<\/p>\n","protected":false},"author":358,"featured_media":0,"comment_status":"open","ping_status":"open","sticky":false,"template":"","format":"standard","meta":{"footnotes":""},"categories":[840],"tags":[2339,10731,2845,1925,2860,2220,4982,4281,2235,186,2184,1518,4830],"class_list":["post-989","post","type-post","status-publish","format-standard","hentry","category-actualidad","tag-cartel","tag-carteles","tag-diversidad","tag-inmigracion","tag-inmigrantes","tag-integracion","tag-moutonsdegarde","tag-ovejas","tag-propaganda","tag-publicidad","tag-racismo","tag-suiza","tag-xenofobia"],"_links":{"self":[{"href":"https:\/\/blogs.ua.es\/cartones\/index.php?rest_route=\/wp\/v2\/posts\/989","targetHints":{"allow":["GET"]}}],"collection":[{"href":"https:\/\/blogs.ua.es\/cartones\/index.php?rest_route=\/wp\/v2\/posts"}],"about":[{"href":"https:\/\/blogs.ua.es\/cartones\/index.php?rest_route=\/wp\/v2\/types\/post"}],"author":[{"embeddable":true,"href":"https:\/\/blogs.ua.es\/cartones\/index.php?rest_route=\/wp\/v2\/users\/358"}],"replies":[{"embeddable":true,"href":"https:\/\/blogs.ua.es\/cartones\/index.php?rest_route=%2Fwp%2Fv2%2Fcomments&post=989"}],"version-history":[{"count":1,"href":"https:\/\/blogs.ua.es\/cartones\/index.php?rest_route=\/wp\/v2\/posts\/989\/revisions"}],"predecessor-version":[{"id":990,"href":"https:\/\/blogs.ua.es\/cartones\/index.php?rest_route=\/wp\/v2\/posts\/989\/revisions\/990"}],"wp:attachment":[{"href":"https:\/\/blogs.ua.es\/cartones\/index.php?rest_route=%2Fwp%2Fv2%2Fmedia&parent=989"}],"wp:term":[{"taxonomy":"category","embeddable":true,"href":"https:\/\/blogs.ua.es\/cartones\/index.php?rest_route=%2Fwp%2Fv2%2Fcategories&post=989"},{"taxonomy":"post_tag","embeddable":true,"href":"https:\/\/blogs.ua.es\/cartones\/index.php?rest_route=%2Fwp%2Fv2%2Ftags&post=989"}],"curies":[{"name":"wp","href":"https:\/\/api.w.org\/{rel}","templated":true}]}}