{"id":33,"date":"2012-01-15T12:11:19","date_gmt":"2012-01-15T12:11:19","guid":{"rendered":"https:\/\/blogs.ua.es\/emigracionespanyasigloxx\/?p=33"},"modified":"2012-01-15T12:11:19","modified_gmt":"2012-01-15T12:11:19","slug":"las-relaciones-espana-europa-en-la-segunda-mitad-del-siglo-xx-algunas-notas-desde-la-perspectiva-de-la-emigracion","status":"publish","type":"post","link":"https:\/\/blogs.ua.es\/emigracionespanyasigloxx\/2012\/01\/15\/las-relaciones-espana-europa-en-la-segunda-mitad-del-siglo-xx-algunas-notas-desde-la-perspectiva-de-la-emigracion\/","title":{"rendered":"Las relaciones Espa\u00f1a-Europa en la segunda mitad del siglo XX: algunas notas desde la perspectiva de la emigraci\u00f3n"},"content":{"rendered":"<p>SANZ D\u00cdAZ, Carlos. Las relaciones Espa\u00f1a-Europa en la segunda mitad del siglo XX: algunas notas desde la perspectiva de la emigraci\u00f3n. <em>Circunstancia: revista de ciencias sociales del Instituto Universitario de Investigaci\u00f3n Ortega y Gasset<\/em>[en l\u00ednea]. Fundaci\u00f3n e Instituto Universitario de Investigaci\u00f3n Ortega y Gasset, mayo de 2011, a\u00f1o IX, n\u00ba 25[fecha de consulta: 15 de enero de 2012]. ISSN: 1696-1277. Disponible en http:\/\/www.ortegaygasset.edu\/fog\/ver\/1179\/circunstancia\/ano-ix&#8212;n&#8211;25&#8212;mayo-2011\/articulos\/las-relaciones-espana-europa-en-la-segunda-mitad-del-siglo-xx&#8211;algunas-notas-desde-la-perspectiva-de-la-emigracion<\/p>\n<p>&nbsp;<\/p>\n<p>Art\u00edculo que analiza el papel de la emigraci\u00f3n en las relaciones entre Espa\u00f1a y Europa desde 1945 a 1986. Incluye cifras aproximadas del n\u00famero de emigrantes espa\u00f1oles, consecuencias econ\u00f3micas y sociales de la emigraci\u00f3n y el papel del Estado en el flujo migratorio. Muy completo.<\/p>\n","protected":false},"excerpt":{"rendered":"<p>SANZ D\u00cdAZ, Carlos. Las relaciones Espa\u00f1a-Europa en la segunda mitad del siglo XX: algunas notas desde la perspectiva de la emigraci\u00f3n. Circunstancia: revista de ciencias sociales del Instituto Universitario de Investigaci\u00f3n Ortega y Gasset[en l\u00ednea]. Fundaci\u00f3n e Instituto Universitario de Investigaci\u00f3n Ortega y Gasset, mayo de 2011, a\u00f1o IX, n\u00ba 25[fecha de consulta: 15 de [&hellip;]<\/p>\n","protected":false},"author":2526,"featured_media":0,"comment_status":"open","ping_status":"open","sticky":false,"template":"","format":"standard","meta":{"footnotes":""},"categories":[94101,6674,424],"tags":[],"class_list":["post-33","post","type-post","status-publish","format-standard","hentry","category-articulos-de-revistas","category-recursos-electronicos","category-revistas"],"_links":{"self":[{"href":"https:\/\/blogs.ua.es\/emigracionespanyasigloxx\/wp-json\/wp\/v2\/posts\/33","targetHints":{"allow":["GET"]}}],"collection":[{"href":"https:\/\/blogs.ua.es\/emigracionespanyasigloxx\/wp-json\/wp\/v2\/posts"}],"about":[{"href":"https:\/\/blogs.ua.es\/emigracionespanyasigloxx\/wp-json\/wp\/v2\/types\/post"}],"author":[{"embeddable":true,"href":"https:\/\/blogs.ua.es\/emigracionespanyasigloxx\/wp-json\/wp\/v2\/users\/2526"}],"replies":[{"embeddable":true,"href":"https:\/\/blogs.ua.es\/emigracionespanyasigloxx\/wp-json\/wp\/v2\/comments?post=33"}],"version-history":[{"count":1,"href":"https:\/\/blogs.ua.es\/emigracionespanyasigloxx\/wp-json\/wp\/v2\/posts\/33\/revisions"}],"predecessor-version":[{"id":34,"href":"https:\/\/blogs.ua.es\/emigracionespanyasigloxx\/wp-json\/wp\/v2\/posts\/33\/revisions\/34"}],"wp:attachment":[{"href":"https:\/\/blogs.ua.es\/emigracionespanyasigloxx\/wp-json\/wp\/v2\/media?parent=33"}],"wp:term":[{"taxonomy":"category","embeddable":true,"href":"https:\/\/blogs.ua.es\/emigracionespanyasigloxx\/wp-json\/wp\/v2\/categories?post=33"},{"taxonomy":"post_tag","embeddable":true,"href":"https:\/\/blogs.ua.es\/emigracionespanyasigloxx\/wp-json\/wp\/v2\/tags?post=33"}],"curies":[{"name":"wp","href":"https:\/\/api.w.org\/{rel}","templated":true}]}}