{"id":43,"date":"2012-01-18T01:24:09","date_gmt":"2012-01-18T01:24:09","guid":{"rendered":"https:\/\/blogs.ua.es\/emigracionespanyasigloxx\/?p=43"},"modified":"2012-01-18T01:24:09","modified_gmt":"2012-01-18T01:24:09","slug":"elementos-del-proceso-de-la-emigracion-espanola-de-los-anos-sesenta-la-voz-de-un-pasado-reciente","status":"publish","type":"post","link":"https:\/\/blogs.ua.es\/emigracionespanyasigloxx\/2012\/01\/18\/elementos-del-proceso-de-la-emigracion-espanola-de-los-anos-sesenta-la-voz-de-un-pasado-reciente\/","title":{"rendered":"Elementos del proceso de la emigraci\u00f3n espa\u00f1ola de los a\u00f1os sesenta: la voz de un pasado reciente"},"content":{"rendered":"<p>BABIANO MORA, Jos\u00e9, FERN\u00c1NDEZ ASPERILLA, Mar\u00eda Isabel. Elementos del proceso de la emigraci\u00f3n espa\u00f1ola en los a\u00f1os sesenta: la voz de un pasado reciente. <em>Gaceta Sindical: reflexi\u00f3n y debate. <\/em>2003, n\u00ba 3, pp. 279-294.\u00a0 ISSN: 1133-035X.<\/p>\n<p>&nbsp;<\/p>\n<p>Art\u00edculo que trata los efectos de la emigraci\u00f3n en los a\u00f1os sesenta sobre el mercado laboral espa\u00f1ol y las medidas tomadas por el Estado para regular la salida de mano de obra y la llegada de divisas procedente de esa mano de obra.<\/p>\n","protected":false},"excerpt":{"rendered":"<p>BABIANO MORA, Jos\u00e9, FERN\u00c1NDEZ ASPERILLA, Mar\u00eda Isabel. Elementos del proceso de la emigraci\u00f3n espa\u00f1ola en los a\u00f1os sesenta: la voz de un pasado reciente. Gaceta Sindical: reflexi\u00f3n y debate. 2003, n\u00ba 3, pp. 279-294.\u00a0 ISSN: 1133-035X. &nbsp; Art\u00edculo que trata los efectos de la emigraci\u00f3n en los a\u00f1os sesenta sobre el mercado laboral espa\u00f1ol y [&hellip;]<\/p>\n","protected":false},"author":2526,"featured_media":0,"comment_status":"open","ping_status":"open","sticky":false,"template":"","format":"standard","meta":{"footnotes":""},"categories":[94101,424],"tags":[],"class_list":["post-43","post","type-post","status-publish","format-standard","hentry","category-articulos-de-revistas","category-revistas"],"_links":{"self":[{"href":"https:\/\/blogs.ua.es\/emigracionespanyasigloxx\/wp-json\/wp\/v2\/posts\/43","targetHints":{"allow":["GET"]}}],"collection":[{"href":"https:\/\/blogs.ua.es\/emigracionespanyasigloxx\/wp-json\/wp\/v2\/posts"}],"about":[{"href":"https:\/\/blogs.ua.es\/emigracionespanyasigloxx\/wp-json\/wp\/v2\/types\/post"}],"author":[{"embeddable":true,"href":"https:\/\/blogs.ua.es\/emigracionespanyasigloxx\/wp-json\/wp\/v2\/users\/2526"}],"replies":[{"embeddable":true,"href":"https:\/\/blogs.ua.es\/emigracionespanyasigloxx\/wp-json\/wp\/v2\/comments?post=43"}],"version-history":[{"count":1,"href":"https:\/\/blogs.ua.es\/emigracionespanyasigloxx\/wp-json\/wp\/v2\/posts\/43\/revisions"}],"predecessor-version":[{"id":44,"href":"https:\/\/blogs.ua.es\/emigracionespanyasigloxx\/wp-json\/wp\/v2\/posts\/43\/revisions\/44"}],"wp:attachment":[{"href":"https:\/\/blogs.ua.es\/emigracionespanyasigloxx\/wp-json\/wp\/v2\/media?parent=43"}],"wp:term":[{"taxonomy":"category","embeddable":true,"href":"https:\/\/blogs.ua.es\/emigracionespanyasigloxx\/wp-json\/wp\/v2\/categories?post=43"},{"taxonomy":"post_tag","embeddable":true,"href":"https:\/\/blogs.ua.es\/emigracionespanyasigloxx\/wp-json\/wp\/v2\/tags?post=43"}],"curies":[{"name":"wp","href":"https:\/\/api.w.org\/{rel}","templated":true}]}}