{"id":641,"date":"2019-07-09T10:39:53","date_gmt":"2019-07-09T10:39:53","guid":{"rendered":"https:\/\/blogs.ua.es\/espanacontemporanea\/?p=641"},"modified":"2019-07-09T10:39:53","modified_gmt":"2019-07-09T10:39:53","slug":"percursos-cruzados-das-esquerdas-radicais-ibericas-entre-a-ditadura-e-a-democracia","status":"publish","type":"post","link":"https:\/\/blogs.ua.es\/espanacontemporanea\/2019\/07\/09\/percursos-cruzados-das-esquerdas-radicais-ibericas-entre-a-ditadura-e-a-democracia\/","title":{"rendered":"Percursos cruzados das esquerdas radicais ib\u00e9ricas entre a ditadura e a democracia"},"content":{"rendered":"<p><a href=\"https:\/\/blogs.ua.es\/espanacontemporanea\/files\/2019\/07\/monica-congreso.jpg\"><img loading=\"lazy\" decoding=\"async\" class=\"aligncenter  wp-image-642\" src=\"https:\/\/blogs.ua.es\/espanacontemporanea\/files\/2019\/07\/monica-congreso.jpg\" alt=\"\" width=\"348\" height=\"503\" srcset=\"https:\/\/blogs.ua.es\/espanacontemporanea\/files\/2019\/07\/monica-congreso.jpg 415w, https:\/\/blogs.ua.es\/espanacontemporanea\/files\/2019\/07\/monica-congreso-208x300.jpg 208w\" sizes=\"auto, (max-width: 348px) 100vw, 348px\" \/><\/a><\/p>\n<p>La profesora M\u00f3nica Moreno Seco ha participado en el Seminario Internacional <em>Percursos cruzados das esquerdas radicais ib\u00e9ricas entre a ditadura e a democracia\u00a0<\/em>organizado por el\u00a0 Instituto de Historia Contempor\u00e1nea de la Universidade Nova de Lisboa entre los d\u00edas 27 y 28 de junio de 2019.<\/p>\n<p>Su intervenci\u00f3n tuvo por t\u00edtulo <em>Identidades masculinas y femeninas en la izquierda radical espa\u00f1ola de los a\u00f1os setenta.<\/em><\/p>\n<p>&nbsp;<\/p>\n<p>&nbsp;<\/p>\n","protected":false},"excerpt":{"rendered":"<p>La profesora M\u00f3nica Moreno Seco ha participado en el Seminario Internacional Percursos cruzados das esquerdas radicais ib\u00e9ricas entre a ditadura e a democracia\u00a0organizado por el\u00a0 Instituto de Historia Contempor\u00e1nea de la Universidade Nova de Lisboa entre los d\u00edas 27 y 28 de junio de 2019. Su intervenci\u00f3n tuvo por t\u00edtulo Identidades masculinas y femeninas en &hellip; <a href=\"https:\/\/blogs.ua.es\/espanacontemporanea\/2019\/07\/09\/percursos-cruzados-das-esquerdas-radicais-ibericas-entre-a-ditadura-e-a-democracia\/\" class=\"more-link\">Continue reading <span class=\"screen-reader-text\">Percursos cruzados das esquerdas radicais ib\u00e9ricas entre a ditadura e a democracia<\/span> <span class=\"meta-nav\">&rarr;<\/span><\/a><\/p>\n","protected":false},"author":4022,"featured_media":0,"comment_status":"open","ping_status":"open","sticky":false,"template":"","format":"standard","meta":{"footnotes":""},"categories":[3838,5936],"tags":[3838,5816,2068783,5936],"class_list":["post-641","post","type-post","status-publish","format-standard","hentry","category-conferencia","category-seminario","tag-conferencia","tag-lisboa","tag-monica-moreno","tag-seminario"],"_links":{"self":[{"href":"https:\/\/blogs.ua.es\/espanacontemporanea\/wp-json\/wp\/v2\/posts\/641","targetHints":{"allow":["GET"]}}],"collection":[{"href":"https:\/\/blogs.ua.es\/espanacontemporanea\/wp-json\/wp\/v2\/posts"}],"about":[{"href":"https:\/\/blogs.ua.es\/espanacontemporanea\/wp-json\/wp\/v2\/types\/post"}],"author":[{"embeddable":true,"href":"https:\/\/blogs.ua.es\/espanacontemporanea\/wp-json\/wp\/v2\/users\/4022"}],"replies":[{"embeddable":true,"href":"https:\/\/blogs.ua.es\/espanacontemporanea\/wp-json\/wp\/v2\/comments?post=641"}],"version-history":[{"count":1,"href":"https:\/\/blogs.ua.es\/espanacontemporanea\/wp-json\/wp\/v2\/posts\/641\/revisions"}],"predecessor-version":[{"id":643,"href":"https:\/\/blogs.ua.es\/espanacontemporanea\/wp-json\/wp\/v2\/posts\/641\/revisions\/643"}],"wp:attachment":[{"href":"https:\/\/blogs.ua.es\/espanacontemporanea\/wp-json\/wp\/v2\/media?parent=641"}],"wp:term":[{"taxonomy":"category","embeddable":true,"href":"https:\/\/blogs.ua.es\/espanacontemporanea\/wp-json\/wp\/v2\/categories?post=641"},{"taxonomy":"post_tag","embeddable":true,"href":"https:\/\/blogs.ua.es\/espanacontemporanea\/wp-json\/wp\/v2\/tags?post=641"}],"curies":[{"name":"wp","href":"https:\/\/api.w.org\/{rel}","templated":true}]}}