{"id":243,"date":"2012-11-15T13:01:15","date_gmt":"2012-11-15T11:01:15","guid":{"rendered":"https:\/\/blogs.ua.es\/fernandopradosmartinez\/?p=243"},"modified":"2012-11-15T13:06:31","modified_gmt":"2012-11-15T11:06:31","slug":"consolidacion-y-restauracion-de-los-hallazgos-de-2012","status":"publish","type":"post","link":"https:\/\/blogs.ua.es\/fernandopradosmartinez\/?p=243","title":{"rendered":"Consolidaci\u00f3n y restauraci\u00f3n de los hallazgos de 2012"},"content":{"rendered":"<figure id=\"attachment_245\" aria-describedby=\"caption-attachment-245\" style=\"width: 216px\" class=\"wp-caption alignright\"><a href=\"https:\/\/blogs.ua.es\/fernandopradosmartinez\/files\/2012\/11\/IMG_7209.jpg\"><img loading=\"lazy\" decoding=\"async\" class=\"wp-image-245 \" src=\"https:\/\/blogs.ua.es\/fernandopradosmartinez\/files\/2012\/11\/IMG_7209-300x224.jpg\" alt=\"\" width=\"216\" height=\"161\" srcset=\"https:\/\/blogs.ua.es\/fernandopradosmartinez\/files\/2012\/11\/IMG_7209-300x224.jpg 300w, https:\/\/blogs.ua.es\/fernandopradosmartinez\/files\/2012\/11\/IMG_7209.jpg 700w\" sizes=\"auto, (max-width: 216px) 100vw, 216px\" \/><\/a><figcaption id=\"caption-attachment-245\" class=\"wp-caption-text\">Engasado de una olla ossuaria en el momento de su extracci\u00f3n (Campa\u00f1a de 2012)<\/figcaption><\/figure>\n<p>Una vez concluidos los trabajos de excavaci\u00f3n arqueol\u00f3gica en el terreno de la necr\u00f3polis oriental de la ciudad de Baelo Claudia, han sido iniciados los de consolidaci\u00f3n y restauraci\u00f3n de los materiales exhumados por parte del equipo del \u00e1rea de restauraci\u00f3n del Conjunto.<\/p>\n<p>La v\u00eda sepulcral hallada ha sido cubierta con geotextil y arena para su protecci\u00f3n antes de su pr\u00f3xima puesta en valor. Igualmente han sido protegidos y tapados el resto de los cortes y la trinchera de delimitaci\u00f3n excavada el pasado verano. La <em>cupa structilis <\/em>documentada junto al monumento funerario conocido como \u201cHornillo de Santa Catalina\u201d ha sido consolidada \u201cin situ\u201d debido a su excepcional valor, tanto por el hecho de ser una de las m\u00e1s antiguas de este tipo conservadas en Hispania como por ser la \u00fanica visible en la actualidad. Del resto de las <em>cupae<\/em> exhumadas en la necr\u00f3polis de Baelo tan s\u00f3lo ten\u00edamos constancia a trav\u00e9s de los dibujos realizados por G. Bonsor hacia 1920.<\/p>\n<figure id=\"attachment_244\" aria-describedby=\"caption-attachment-244\" style=\"width: 300px\" class=\"wp-caption alignnone\"><a href=\"https:\/\/blogs.ua.es\/fernandopradosmartinez\/files\/2012\/11\/13.jpg\"><img loading=\"lazy\" decoding=\"async\" class=\"size-medium wp-image-244\" src=\"https:\/\/blogs.ua.es\/fernandopradosmartinez\/files\/2012\/11\/13-300x200.jpg\" alt=\"\" width=\"300\" height=\"200\" srcset=\"https:\/\/blogs.ua.es\/fernandopradosmartinez\/files\/2012\/11\/13-300x200.jpg 300w, https:\/\/blogs.ua.es\/fernandopradosmartinez\/files\/2012\/11\/13.jpg 900w\" sizes=\"auto, (max-width: 300px) 100vw, 300px\" \/><\/a><figcaption id=\"caption-attachment-244\" class=\"wp-caption-text\">Consolidaci\u00f3n in situ de la cupa structilis exhumada en septiembre de 2012<\/figcaption><\/figure>\n<p>&nbsp;<\/p>\n<p>Es importante remarcar que este ejemplar ser\u00eda uno de los m\u00e1s antiguos conocidos hasta el momento en la pen\u00ednsula Ib\u00e9rica, pues a falta de afinar m\u00e1s en su cronolog\u00eda, esta quedar\u00eda enmarcada en la primera mitad del siglo I atendiendo a criterios estratigr\u00e1ficos.<\/p>\n<p>Durante los pr\u00f3ximos meses se proceder\u00e1 a desarrollar una campa\u00f1a de estudio de materiales en los laboratorios del Conjunto Arqueol\u00f3gico y la elaboraci\u00f3n de la Memoria Final.<\/p>\n","protected":false},"excerpt":{"rendered":"<p>Una vez concluidos los trabajos de excavaci\u00f3n arqueol\u00f3gica en el terreno de la necr\u00f3polis oriental de la ciudad de Baelo Claudia, han sido iniciados los de consolidaci\u00f3n y restauraci\u00f3n de los materiales exhumados por parte del equipo del \u00e1rea de restauraci\u00f3n del Conjunto. La v\u00eda sepulcral hallada ha sido cubierta con geotextil y arena para [&hellip;]<\/p>\n","protected":false},"author":1721,"featured_media":0,"comment_status":"open","ping_status":"open","sticky":false,"template":"","format":"standard","meta":{"footnotes":""},"categories":[9],"tags":[],"class_list":["post-243","post","type-post","status-publish","format-standard","hentry","category-general"],"_links":{"self":[{"href":"https:\/\/blogs.ua.es\/fernandopradosmartinez\/index.php?rest_route=\/wp\/v2\/posts\/243","targetHints":{"allow":["GET"]}}],"collection":[{"href":"https:\/\/blogs.ua.es\/fernandopradosmartinez\/index.php?rest_route=\/wp\/v2\/posts"}],"about":[{"href":"https:\/\/blogs.ua.es\/fernandopradosmartinez\/index.php?rest_route=\/wp\/v2\/types\/post"}],"author":[{"embeddable":true,"href":"https:\/\/blogs.ua.es\/fernandopradosmartinez\/index.php?rest_route=\/wp\/v2\/users\/1721"}],"replies":[{"embeddable":true,"href":"https:\/\/blogs.ua.es\/fernandopradosmartinez\/index.php?rest_route=%2Fwp%2Fv2%2Fcomments&post=243"}],"version-history":[{"count":7,"href":"https:\/\/blogs.ua.es\/fernandopradosmartinez\/index.php?rest_route=\/wp\/v2\/posts\/243\/revisions"}],"predecessor-version":[{"id":249,"href":"https:\/\/blogs.ua.es\/fernandopradosmartinez\/index.php?rest_route=\/wp\/v2\/posts\/243\/revisions\/249"}],"wp:attachment":[{"href":"https:\/\/blogs.ua.es\/fernandopradosmartinez\/index.php?rest_route=%2Fwp%2Fv2%2Fmedia&parent=243"}],"wp:term":[{"taxonomy":"category","embeddable":true,"href":"https:\/\/blogs.ua.es\/fernandopradosmartinez\/index.php?rest_route=%2Fwp%2Fv2%2Fcategories&post=243"},{"taxonomy":"post_tag","embeddable":true,"href":"https:\/\/blogs.ua.es\/fernandopradosmartinez\/index.php?rest_route=%2Fwp%2Fv2%2Ftags&post=243"}],"curies":[{"name":"wp","href":"https:\/\/api.w.org\/{rel}","templated":true}]}}