{"id":289,"date":"2013-06-02T19:22:27","date_gmt":"2013-06-02T17:22:27","guid":{"rendered":"https:\/\/blogs.ua.es\/fernandopradosmartinez\/?p=289"},"modified":"2013-06-02T19:44:36","modified_gmt":"2013-06-02T17:44:36","slug":"fotografia-aerea-con-un-drone-en-la-necropolis-oriental-colaboracion-cientifica-ua-universite-de-toulouse","status":"publish","type":"post","link":"https:\/\/blogs.ua.es\/fernandopradosmartinez\/?p=289","title":{"rendered":"Fotograf\u00eda a\u00e9rea con un Drone en la necr\u00f3polis oriental. Colaboraci\u00f3n cient\u00edfica UA-Universit\u00e9 de Toulouse"},"content":{"rendered":"<p>Entre los d\u00edas 19 de mayo y 1 de Junio se han desarrollado diversos trabajos de prospecci\u00f3n arqueol\u00f3gica y estudio de materiales en Baelo Claudia y en el oppidum prerromano de la Silla del Papa.<a href=\"https:\/\/blogs.ua.es\/fernandopradosmartinez\/files\/2013\/06\/CProyecto_MBC-2.jpg\"><img loading=\"lazy\" decoding=\"async\" class=\"aligncenter size-medium wp-image-293\" src=\"https:\/\/blogs.ua.es\/fernandopradosmartinez\/files\/2013\/06\/CProyecto_MBC-2-300x200.jpg\" alt=\"\" width=\"300\" height=\"200\" srcset=\"https:\/\/blogs.ua.es\/fernandopradosmartinez\/files\/2013\/06\/CProyecto_MBC-2-300x200.jpg 300w, https:\/\/blogs.ua.es\/fernandopradosmartinez\/files\/2013\/06\/CProyecto_MBC-2.jpg 709w\" sizes=\"auto, (max-width: 300px) 100vw, 300px\" \/><\/a>Este enclave est\u00e1 siendo objeto de estudio en la actualidad por parte de un equipo francoespa\u00f1ol (Universit\u00e9 de Toulouse, Universidad de Alicante y\u00a0 Conjunto Arqueol\u00f3gico de Baelo Claudia) bajo la direcci\u00f3n del Dr. Pierre Moret. La Silla del Papa es uno de los yacimientos arqueol\u00f3gicos m\u00e1s importantes del suroeste peninsular por su amplio periodo de ocupaci\u00f3n (casi un milenio, desde el siglo X a.C. hasta la \u00e9poca de Augusto), tanto por lo que aporta al conocimiento de la Edad del Hierro y de la \u00e9poca romano-republicana, como por su proximidad a <em>Baelo Claudia<\/em>. Las prospecciones y los trabajos de limpieza realizados desde 2007 han confirmado el buen estado de conservaci\u00f3n de la estructuras de h\u00e1bitat y de algunos elementos de fortificaci\u00f3n en una superficie de unas 12 hect\u00e1reas.<\/p>\n<p>Desde\u00a0 inicios del siglo XX, la Silla del Papa ha sido objeto de numerosas hip\u00f3tesis relacionadas con el problema de los or\u00edgenes de <em>Baelo Claudia<\/em>. Ha sido en este lugar donde se ha buscado, a partir de argumentos meramente topogr\u00e1ficos y muchas veces sin un conocimiento directo del yacimiento, la <em>Bailo<\/em> p\u00fanica donde se acu\u00f1aron las monedas biling\u00fces libiofenicias o el <em>Mons Belleia<\/em> de las guerras sertorianas. La hip\u00f3tesis de que pudo ser el emplazamiento de la <em>Bailo<\/em><em> <\/em>prerromana ha sido se\u00f1alada por varios investigadores y parece confirmado por los estudios del equipo actual debido a su gran tama\u00f1o, a su relaci\u00f3n de intervisibilidad con otros <em>oppida<\/em> cercanos\u00a0 que acu\u00f1aron monedas &#8220;libiofenicias&#8221;, caso de <em>Oba<\/em> (Jimena), <em>Lascuta<\/em> (Alcal\u00e1 de los Gazules) o <em>Asido<\/em> (Medina Sidonia) as\u00ed como por presentar la \u00fanica estructuraci\u00f3n urbana de toda la Ensenada de Bolonia con la aludida continuidad de su ocupaci\u00f3n anterior a la fundaci\u00f3n de <em>Baelo<\/em> en la costa. <a href=\"https:\/\/blogs.ua.es\/fernandopradosmartinez\/files\/2013\/06\/CProyecto_MBC-12.jpg\"><img loading=\"lazy\" decoding=\"async\" class=\"alignright size-medium wp-image-302\" src=\"https:\/\/blogs.ua.es\/fernandopradosmartinez\/files\/2013\/06\/CProyecto_MBC-12-300x231.jpg\" alt=\"\" width=\"300\" height=\"231\" srcset=\"https:\/\/blogs.ua.es\/fernandopradosmartinez\/files\/2013\/06\/CProyecto_MBC-12-300x231.jpg 300w, https:\/\/blogs.ua.es\/fernandopradosmartinez\/files\/2013\/06\/CProyecto_MBC-12.jpg 709w\" sizes=\"auto, (max-width: 300px) 100vw, 300px\" \/><\/a><\/p>\n<p>Fruto de la mencionada colaboraci\u00f3n cient\u00edfica con el laboratorio TRACES de la Universit\u00e9 de Toulouse se ha realizado fotograf\u00eda a\u00e9rea tambi\u00e9n en el solar de la necr\u00f3polis oriental de Baelo Claudia, desarrollados por los Dres. Carine Calastrenc y Nicolas Poirier (UMR-5608). En ellos han colaborado varios estudiantes del M\u00e1ster de Arqueolog\u00eda Profesional de la Universidad de Alicante que forman parte de nuestro proyecto y que realizan actualmente sus TFM sobre diversos aspectos de la necr\u00f3polis. <a href=\"https:\/\/blogs.ua.es\/fernandopradosmartinez\/files\/2013\/06\/CProyecto_MBC-32.jpg\"><img loading=\"lazy\" decoding=\"async\" class=\"alignleft size-medium wp-image-307\" src=\"https:\/\/blogs.ua.es\/fernandopradosmartinez\/files\/2013\/06\/CProyecto_MBC-32-300x188.jpg\" alt=\"\" width=\"300\" height=\"188\" srcset=\"https:\/\/blogs.ua.es\/fernandopradosmartinez\/files\/2013\/06\/CProyecto_MBC-32-300x188.jpg 300w, https:\/\/blogs.ua.es\/fernandopradosmartinez\/files\/2013\/06\/CProyecto_MBC-32.jpg 567w\" sizes=\"auto, (max-width: 300px) 100vw, 300px\" \/><\/a><\/p>\n<p>Gracias al empleo de un veh\u00edculo a\u00e9reo no tripulado se han podido obtener numerosas im\u00e1genes verticales y oblicuas a 40 y 80 m de altura del \u00e1rea cementerial oriental de la ciudad hispanorromana\u00a0 fundamentales para observar la organizaci\u00f3n de los sepulcros y su ubicaci\u00f3n junto a la v\u00eda funeraria\u00a0 localizada en la pasada campa\u00f1a de 2012.\u00a0<a href=\"https:\/\/blogs.ua.es\/fernandopradosmartinez\/files\/2013\/06\/CProyecto_MBC-4.jpg\"><img loading=\"lazy\" decoding=\"async\" class=\"size-medium wp-image-296 alignleft\" src=\"https:\/\/blogs.ua.es\/fernandopradosmartinez\/files\/2013\/06\/CProyecto_MBC-4-300x224.jpg\" alt=\"\" width=\"300\" height=\"224\" srcset=\"https:\/\/blogs.ua.es\/fernandopradosmartinez\/files\/2013\/06\/CProyecto_MBC-4-300x224.jpg 300w, https:\/\/blogs.ua.es\/fernandopradosmartinez\/files\/2013\/06\/CProyecto_MBC-4.jpg 709w\" sizes=\"auto, (max-width: 300px) 100vw, 300px\" \/><\/a><\/p>\n<p>Igualmente se han fotografiado otros sectores no excavados, en los que se observan varias anomal\u00edas que pueden corresponder a la v\u00eda sepulcral y a sepulcros de grandes dimensiones. Estas zonas ser\u00e1n objeto de una prospecci\u00f3n geof\u00edsica durante la pr\u00f3xima campa\u00f1a prevista para el mes de septiembre.<\/p>\n","protected":false},"excerpt":{"rendered":"<p>Entre los d\u00edas 19 de mayo y 1 de Junio se han desarrollado diversos trabajos de prospecci\u00f3n arqueol\u00f3gica y estudio de materiales en Baelo Claudia y en el oppidum prerromano de la Silla del Papa.Este enclave est\u00e1 siendo objeto de estudio en la actualidad por parte de un equipo francoespa\u00f1ol (Universit\u00e9 de Toulouse, Universidad de [&hellip;]<\/p>\n","protected":false},"author":1721,"featured_media":302,"comment_status":"open","ping_status":"open","sticky":false,"template":"","format":"standard","meta":{"footnotes":""},"categories":[9],"tags":[],"class_list":["post-289","post","type-post","status-publish","format-standard","has-post-thumbnail","hentry","category-general"],"_links":{"self":[{"href":"https:\/\/blogs.ua.es\/fernandopradosmartinez\/index.php?rest_route=\/wp\/v2\/posts\/289","targetHints":{"allow":["GET"]}}],"collection":[{"href":"https:\/\/blogs.ua.es\/fernandopradosmartinez\/index.php?rest_route=\/wp\/v2\/posts"}],"about":[{"href":"https:\/\/blogs.ua.es\/fernandopradosmartinez\/index.php?rest_route=\/wp\/v2\/types\/post"}],"author":[{"embeddable":true,"href":"https:\/\/blogs.ua.es\/fernandopradosmartinez\/index.php?rest_route=\/wp\/v2\/users\/1721"}],"replies":[{"embeddable":true,"href":"https:\/\/blogs.ua.es\/fernandopradosmartinez\/index.php?rest_route=%2Fwp%2Fv2%2Fcomments&post=289"}],"version-history":[{"count":12,"href":"https:\/\/blogs.ua.es\/fernandopradosmartinez\/index.php?rest_route=\/wp\/v2\/posts\/289\/revisions"}],"predecessor-version":[{"id":305,"href":"https:\/\/blogs.ua.es\/fernandopradosmartinez\/index.php?rest_route=\/wp\/v2\/posts\/289\/revisions\/305"}],"wp:featuredmedia":[{"embeddable":true,"href":"https:\/\/blogs.ua.es\/fernandopradosmartinez\/index.php?rest_route=\/wp\/v2\/media\/302"}],"wp:attachment":[{"href":"https:\/\/blogs.ua.es\/fernandopradosmartinez\/index.php?rest_route=%2Fwp%2Fv2%2Fmedia&parent=289"}],"wp:term":[{"taxonomy":"category","embeddable":true,"href":"https:\/\/blogs.ua.es\/fernandopradosmartinez\/index.php?rest_route=%2Fwp%2Fv2%2Fcategories&post=289"},{"taxonomy":"post_tag","embeddable":true,"href":"https:\/\/blogs.ua.es\/fernandopradosmartinez\/index.php?rest_route=%2Fwp%2Fv2%2Ftags&post=289"}],"curies":[{"name":"wp","href":"https:\/\/api.w.org\/{rel}","templated":true}]}}