{"id":313,"date":"2013-06-24T19:09:52","date_gmt":"2013-06-24T17:09:52","guid":{"rendered":"https:\/\/blogs.ua.es\/fernandopradosmartinez\/?p=313"},"modified":"2013-06-24T19:09:52","modified_gmt":"2013-06-24T17:09:52","slug":"proyecto-mbc-informacion-campana-2013","status":"publish","type":"post","link":"https:\/\/blogs.ua.es\/fernandopradosmartinez\/?p=313","title":{"rendered":"Proyecto MBC &#8211; Informaci\u00f3n campa\u00f1a 2013"},"content":{"rendered":"<p>Se acercan las vacaciones de verano y con ellas la \u00e9poca del a\u00f1o en la que viene siendo habitual la realizaci\u00f3n de trabajos de campo en el marco de nuestro proyecto general de investigaci\u00f3n &#8220;MBC-Muerte y ritual funerario en Baelo Claudia&#8221;. El volumen de solicitudes de participaci\u00f3n de estudiantes y licenciados en Arqueolog\u00eda de diversas universidades espa\u00f1olas y extranjeras es muy grande, lo que agredecemos mucho. El caso es que dada la naturaleza de los programas de investigaci\u00f3n a 6 a\u00f1os de la Junta de Andaluc\u00eda, como \u00e9ste en el que se inscribe nuestro proyecto, en 2013 no realizaremos excavaciones arqueol\u00f3gicas. La raz\u00f3n es que se deben alternar los a\u00f1os de excavaci\u00f3n con los se dedican al estudio de materiales y a la realizaci\u00f3n de trabajos que no conlleven movimiento de tierra (teledetecci\u00f3n, prospecci\u00f3n, planimetr\u00edas, etc.).<\/p>\n<p><a href=\"https:\/\/blogs.ua.es\/fernandopradosmartinez\/files\/2013\/06\/photo21.jpg\"><img loading=\"lazy\" decoding=\"async\" class=\"aligncenter size-medium wp-image-316\" src=\"https:\/\/blogs.ua.es\/fernandopradosmartinez\/files\/2013\/06\/photo21-300x200.jpg\" alt=\"\" width=\"300\" height=\"200\" srcset=\"https:\/\/blogs.ua.es\/fernandopradosmartinez\/files\/2013\/06\/photo21-300x200.jpg 300w, https:\/\/blogs.ua.es\/fernandopradosmartinez\/files\/2013\/06\/photo21.jpg 850w\" sizes=\"auto, (max-width: 300px) 100vw, 300px\" \/><\/a><\/p>\n<p>Por ello, tenemos previsto entre el 25 de agosto y el 7 de septiembre realizar una campa\u00f1a que constar\u00e1 de dos actuaciones: por un lado, el estudio de materiales exhumados en la campa\u00f1a de 2012 (fotografiado, inventariado, dibujo y descripci\u00f3n) y, por otro, una prospecci\u00f3n geof\u00edsica del \u00e1rea de la necr\u00f3polis, en colaboraci\u00f3n con el equipo del profesor Francisco Javier Guzm\u00e1n, de la Universidad de M\u00e1laga.<\/p>\n<p>Ambas tareas forman parte de la programaci\u00f3n para 2013 aprobada por la Junta de Andaluc\u00eda y vienen a completar la realizaci\u00f3n de fotograf\u00edas desde un drone que llevamos a cabo durante el pasado mes de mayo en colaboraci\u00f3n con el equipo TRACES de la Universit\u00e9 de Toulouse.<\/p>\n<p>Dada la programaci\u00f3n que acabamos de describir, no recibiremos voluntarios en esta campa\u00f1a, que desarrollaremos directamente un exiguo grupo de miembros del equipo. Os queremos agradecer a todos aquellos que os habeis puesto en contacto vuestro inter\u00e9s en trabajar con nosotros. Igualmente, aprovechamos para instaros a escribirnos para el pr\u00f3ximo a\u00f1o, cuando prevemos la realizaci\u00f3n de excavaciones de nuevo en la necr\u00f3polis hacia el final de la primavera (meses de mayo-junio de 2014).<\/p>\n<p>&nbsp;<\/p>\n","protected":false},"excerpt":{"rendered":"<p>Se acercan las vacaciones de verano y con ellas la \u00e9poca del a\u00f1o en la que viene siendo habitual la realizaci\u00f3n de trabajos de campo en el marco de nuestro proyecto general de investigaci\u00f3n &#8220;MBC-Muerte y ritual funerario en Baelo Claudia&#8221;. El volumen de solicitudes de participaci\u00f3n de estudiantes y licenciados en Arqueolog\u00eda de diversas [&hellip;]<\/p>\n","protected":false},"author":1721,"featured_media":316,"comment_status":"open","ping_status":"open","sticky":false,"template":"","format":"standard","meta":{"footnotes":""},"categories":[9],"tags":[],"class_list":["post-313","post","type-post","status-publish","format-standard","has-post-thumbnail","hentry","category-general"],"_links":{"self":[{"href":"https:\/\/blogs.ua.es\/fernandopradosmartinez\/index.php?rest_route=\/wp\/v2\/posts\/313","targetHints":{"allow":["GET"]}}],"collection":[{"href":"https:\/\/blogs.ua.es\/fernandopradosmartinez\/index.php?rest_route=\/wp\/v2\/posts"}],"about":[{"href":"https:\/\/blogs.ua.es\/fernandopradosmartinez\/index.php?rest_route=\/wp\/v2\/types\/post"}],"author":[{"embeddable":true,"href":"https:\/\/blogs.ua.es\/fernandopradosmartinez\/index.php?rest_route=\/wp\/v2\/users\/1721"}],"replies":[{"embeddable":true,"href":"https:\/\/blogs.ua.es\/fernandopradosmartinez\/index.php?rest_route=%2Fwp%2Fv2%2Fcomments&post=313"}],"version-history":[{"count":4,"href":"https:\/\/blogs.ua.es\/fernandopradosmartinez\/index.php?rest_route=\/wp\/v2\/posts\/313\/revisions"}],"predecessor-version":[{"id":319,"href":"https:\/\/blogs.ua.es\/fernandopradosmartinez\/index.php?rest_route=\/wp\/v2\/posts\/313\/revisions\/319"}],"wp:featuredmedia":[{"embeddable":true,"href":"https:\/\/blogs.ua.es\/fernandopradosmartinez\/index.php?rest_route=\/wp\/v2\/media\/316"}],"wp:attachment":[{"href":"https:\/\/blogs.ua.es\/fernandopradosmartinez\/index.php?rest_route=%2Fwp%2Fv2%2Fmedia&parent=313"}],"wp:term":[{"taxonomy":"category","embeddable":true,"href":"https:\/\/blogs.ua.es\/fernandopradosmartinez\/index.php?rest_route=%2Fwp%2Fv2%2Fcategories&post=313"},{"taxonomy":"post_tag","embeddable":true,"href":"https:\/\/blogs.ua.es\/fernandopradosmartinez\/index.php?rest_route=%2Fwp%2Fv2%2Ftags&post=313"}],"curies":[{"name":"wp","href":"https:\/\/api.w.org\/{rel}","templated":true}]}}