{"id":322,"date":"2013-09-07T13:32:45","date_gmt":"2013-09-07T11:32:45","guid":{"rendered":"https:\/\/blogs.ua.es\/fernandopradosmartinez\/?p=322"},"modified":"2013-09-07T13:34:08","modified_gmt":"2013-09-07T11:34:08","slug":"exito-en-el-iii-ciclo-de-conferencias-y-jornada-de-puertas-abiertas-2013","status":"publish","type":"post","link":"https:\/\/blogs.ua.es\/fernandopradosmartinez\/?p=322","title":{"rendered":"\u00c9xito en el III ciclo de conferencias y jornada de puertas abiertas 2013"},"content":{"rendered":"<div>\n<div id=\"noticia-pestanas\">\n<div id=\"ccronica\">\n<div>\n<p>El conjunto arqueol\u00f3gico de Baelo Claudia, gestionado por la Consejer\u00eda de Cultura y Deporte de la Junta de Andaluc\u00eda, ha celebrado los d\u00edas 4 y 5 de septiembre el tercer ciclo de conferencias &#8216;Baelo Claudia y la Arqueolog\u00eda en el Estrecho de Gibraltar&#8217;, que se centr\u00f3 en las investigaciones realizadas sobre la necr\u00f3polis oriental y las termas mar\u00edtimas.<\/p>\n<figure id=\"attachment_323\" aria-describedby=\"caption-attachment-323\" style=\"width: 300px\" class=\"wp-caption aligncenter\"><a href=\"https:\/\/blogs.ua.es\/fernandopradosmartinez\/files\/2013\/09\/ppaa.jpg\"><img loading=\"lazy\" decoding=\"async\" class=\"size-medium wp-image-323\" alt=\"ppaa\" src=\"https:\/\/blogs.ua.es\/fernandopradosmartinez\/files\/2013\/09\/ppaa-300x120.jpg\" width=\"300\" height=\"120\" srcset=\"https:\/\/blogs.ua.es\/fernandopradosmartinez\/files\/2013\/09\/ppaa-300x120.jpg 300w, https:\/\/blogs.ua.es\/fernandopradosmartinez\/files\/2013\/09\/ppaa-1024x412.jpg 1024w, https:\/\/blogs.ua.es\/fernandopradosmartinez\/files\/2013\/09\/ppaa.jpg 2000w\" sizes=\"auto, (max-width: 300px) 100vw, 300px\" \/><\/a><figcaption id=\"caption-attachment-323\" class=\"wp-caption-text\">Los asistentes al ciclo de conferencias\u00a0 visitan la necr\u00f3polis oriental<\/figcaption><\/figure>\n<p>Esta iniciativa, que se celebra desde 2008, complementa la amplia oferta divulgativa del conjunto en el \u00e1mbito cient\u00edfico. La primera conferencia fue impartida por Fernando Prados, de la Universidad de Alicante y director del Proyecto MBC. En la misma se avanzaron las \u00faltimas novedades sobre el mundo de la muerte y el ritual funerario en Baelo Claudia a partir de los resultados del proyecto de estudio arqueol\u00f3gico y documental de la necr\u00f3polis.<\/p>\n<figure id=\"attachment_324\" aria-describedby=\"caption-attachment-324\" style=\"width: 300px\" class=\"wp-caption alignleft\"><a href=\"https:\/\/blogs.ua.es\/fernandopradosmartinez\/files\/2013\/09\/ppaa2.jpg\"><img loading=\"lazy\" decoding=\"async\" class=\"size-medium wp-image-324\" alt=\"Fernando Prados y \u00c1ngel Mu\u00f1oz durante la conferencia\" src=\"https:\/\/blogs.ua.es\/fernandopradosmartinez\/files\/2013\/09\/ppaa2-300x200.jpg\" width=\"300\" height=\"200\" srcset=\"https:\/\/blogs.ua.es\/fernandopradosmartinez\/files\/2013\/09\/ppaa2-300x200.jpg 300w, https:\/\/blogs.ua.es\/fernandopradosmartinez\/files\/2013\/09\/ppaa2.jpg 1000w\" sizes=\"auto, (max-width: 300px) 100vw, 300px\" \/><\/a><figcaption id=\"caption-attachment-324\" class=\"wp-caption-text\">Fernando Prados y \u00c1ngel Mu\u00f1oz, director del Conjunto,\u00a0 durante la conferencia<\/figcaption><\/figure>\n<p>La conferencia se complet\u00f3 con una visita guiada por los miembros del equipo MBC de la Universidad de Alicante a la necr\u00f3polis oriental a la que asisti\u00f3 un amplio n\u00famero de visitantes.<\/p>\n<p>M\u00e1s informaci\u00f3n en: http:\/\/www.europapress.es\/andalucia\/cultura-00621\/noticia-cadiz-cultura-necropolis-termas-maritimas-centro-iii-ciclo-conferencias-baelo-claudia-20130829184945.html<\/p>\n<p>http:\/\/www.juntadeandalucia.es\/cultura\/andaluciatucultura\/evento\/iii-ciclo-de-conferencias-baelo-claudia-y-la-arqueologia-en-el-estrecho-de-gibraltar<\/p>\n<p>&nbsp;<\/p>\n<p>&nbsp;<\/p>\n<\/div>\n<\/div>\n<\/div>\n<\/div>\n","protected":false},"excerpt":{"rendered":"<p>El conjunto arqueol\u00f3gico de Baelo Claudia, gestionado por la Consejer\u00eda de Cultura y Deporte de la Junta de Andaluc\u00eda, ha celebrado los d\u00edas 4 y 5 de septiembre el tercer ciclo de conferencias &#8216;Baelo Claudia y la Arqueolog\u00eda en el Estrecho de Gibraltar&#8217;, que se centr\u00f3 en las investigaciones realizadas sobre la necr\u00f3polis oriental y [&hellip;]<\/p>\n","protected":false},"author":1721,"featured_media":0,"comment_status":"open","ping_status":"open","sticky":false,"template":"","format":"standard","meta":{"footnotes":""},"categories":[9],"tags":[],"class_list":["post-322","post","type-post","status-publish","format-standard","hentry","category-general"],"_links":{"self":[{"href":"https:\/\/blogs.ua.es\/fernandopradosmartinez\/index.php?rest_route=\/wp\/v2\/posts\/322","targetHints":{"allow":["GET"]}}],"collection":[{"href":"https:\/\/blogs.ua.es\/fernandopradosmartinez\/index.php?rest_route=\/wp\/v2\/posts"}],"about":[{"href":"https:\/\/blogs.ua.es\/fernandopradosmartinez\/index.php?rest_route=\/wp\/v2\/types\/post"}],"author":[{"embeddable":true,"href":"https:\/\/blogs.ua.es\/fernandopradosmartinez\/index.php?rest_route=\/wp\/v2\/users\/1721"}],"replies":[{"embeddable":true,"href":"https:\/\/blogs.ua.es\/fernandopradosmartinez\/index.php?rest_route=%2Fwp%2Fv2%2Fcomments&post=322"}],"version-history":[{"count":6,"href":"https:\/\/blogs.ua.es\/fernandopradosmartinez\/index.php?rest_route=\/wp\/v2\/posts\/322\/revisions"}],"predecessor-version":[{"id":330,"href":"https:\/\/blogs.ua.es\/fernandopradosmartinez\/index.php?rest_route=\/wp\/v2\/posts\/322\/revisions\/330"}],"wp:attachment":[{"href":"https:\/\/blogs.ua.es\/fernandopradosmartinez\/index.php?rest_route=%2Fwp%2Fv2%2Fmedia&parent=322"}],"wp:term":[{"taxonomy":"category","embeddable":true,"href":"https:\/\/blogs.ua.es\/fernandopradosmartinez\/index.php?rest_route=%2Fwp%2Fv2%2Fcategories&post=322"},{"taxonomy":"post_tag","embeddable":true,"href":"https:\/\/blogs.ua.es\/fernandopradosmartinez\/index.php?rest_route=%2Fwp%2Fv2%2Ftags&post=322"}],"curies":[{"name":"wp","href":"https:\/\/api.w.org\/{rel}","templated":true}]}}