{"id":344,"date":"2014-04-01T13:36:57","date_gmt":"2014-04-01T11:36:57","guid":{"rendered":"https:\/\/blogs.ua.es\/fernandopradosmartinez\/?p=344"},"modified":"2014-04-01T17:08:08","modified_gmt":"2014-04-01T15:08:08","slug":"detectada-la-continuidad-de-la-via-sepulcral-resultados-de-la-prospeccion-geofisica","status":"publish","type":"post","link":"https:\/\/blogs.ua.es\/fernandopradosmartinez\/?p=344","title":{"rendered":"Detectada la continuidad de la v\u00eda sepulcral. Resultados de la prospecci\u00f3n geof\u00edsica"},"content":{"rendered":"<p>Fruto de la colaboraci\u00f3n cient\u00edfica con la Universidad de M\u00e1laga, en concreto con el Prof. Francisco Guzm\u00e1n, del Departamento de Ingenier\u00eda El\u00e9ctrica, se llev\u00f3 a cabo el pasado mes de noviembre una prospecci\u00f3n geof\u00edsica en las dos \u00e1reas de la necr\u00f3polis, la que se ubica en la zona vallada, junto a la playa (\u00c1rea 1) y la que est\u00e1 bajo el actual aparcamiento (\u00c1rea 2). El uso de este m\u00e9todo no invasivo ha permitido obtener datos de enorme relevancia para el conocimiento del trazado de la v\u00eda oriental de la ciudad y de la extensi\u00f3n de la necr\u00f3polis, sin necesidad de realizar excavaciones.<br \/>\n<a href=\"https:\/\/blogs.ua.es\/fernandopradosmartinez\/files\/2014\/04\/mbc53.jpg\"><img loading=\"lazy\" decoding=\"async\" src=\"https:\/\/blogs.ua.es\/fernandopradosmartinez\/files\/2014\/04\/mbc53-300x223.jpg\" alt=\"mbc53\" width=\"300\" height=\"223\" class=\"aligncenter size-medium wp-image-345\" srcset=\"https:\/\/blogs.ua.es\/fernandopradosmartinez\/files\/2014\/04\/mbc53-300x223.jpg 300w, https:\/\/blogs.ua.es\/fernandopradosmartinez\/files\/2014\/04\/mbc53.jpg 488w\" sizes=\"auto, (max-width: 300px) 100vw, 300px\" \/><\/a><\/p>\n<p>Contamos ya con los resultados de esta prospecci\u00f3n geof\u00edsica. El dato m\u00e1s importante es que se ha documentado la continuaci\u00f3n hacia el este de la v\u00eda sepulcral que recorre la necr\u00f3polis. Seg\u00fan la cobertura del GPR esta aparece a 0,50 m de la superficie, pavimentada y presenta unos 4 m de anchura por 1 m de potencia (que se corresponde con el rudus o cimentaci\u00f3n y el propio pavimento). La realizaci\u00f3n de 10 transectos longitudinales corrobora el hallazgo de un peque\u00f1o sector de esta via ya localizado durante la excavaci\u00f3n de un sondeo en 2012.<br \/>\n<figure id=\"attachment_347\" aria-describedby=\"caption-attachment-347\" style=\"width: 300px\" class=\"wp-caption aligncenter\"><a href=\"https:\/\/blogs.ua.es\/fernandopradosmartinez\/files\/2014\/04\/Captura.jpg\"><img loading=\"lazy\" decoding=\"async\" src=\"https:\/\/blogs.ua.es\/fernandopradosmartinez\/files\/2014\/04\/Captura-300x122.jpg\" alt=\"Anomal\u00edas correspondientes a la existencia de un posible monumento funerarario\" width=\"300\" height=\"122\" class=\"size-medium wp-image-347\" srcset=\"https:\/\/blogs.ua.es\/fernandopradosmartinez\/files\/2014\/04\/Captura-300x122.jpg 300w, https:\/\/blogs.ua.es\/fernandopradosmartinez\/files\/2014\/04\/Captura.jpg 618w\" sizes=\"auto, (max-width: 300px) 100vw, 300px\" \/><\/a><figcaption id=\"caption-attachment-347\" class=\"wp-caption-text\">Anomal\u00edas correspondientes a la existencia de un posible monumento funerario<\/figcaption><\/figure><\/p>\n<p>Con estos datos se prev\u00e9 para la pr\u00f3xima campa\u00f1a de 2014 la apertura de un \u00e1rea en torno a esta zona para exhumar un sector de esta v\u00eda, jalonada de sepulcros, de cara a su estudio, consolidaci\u00f3n y puesta en valor en la futura apertura al p\u00fablico de la necr\u00f3polis.<br \/>\n<figure id=\"attachment_350\" aria-describedby=\"caption-attachment-350\" style=\"width: 300px\" class=\"wp-caption aligncenter\"><a href=\"https:\/\/blogs.ua.es\/fernandopradosmartinez\/files\/2014\/04\/planta-con-gpr2.jpg\"><img loading=\"lazy\" decoding=\"async\" src=\"https:\/\/blogs.ua.es\/fernandopradosmartinez\/files\/2014\/04\/planta-con-gpr2-300x200.jpg\" alt=\"Vista a\u00e9rea de la Necr\u00f3polis Oriental con las zonas prospectadas con GPR\" width=\"300\" height=\"200\" class=\"size-medium wp-image-350\" srcset=\"https:\/\/blogs.ua.es\/fernandopradosmartinez\/files\/2014\/04\/planta-con-gpr2-300x200.jpg 300w, https:\/\/blogs.ua.es\/fernandopradosmartinez\/files\/2014\/04\/planta-con-gpr2-1024x683.jpg 1024w, https:\/\/blogs.ua.es\/fernandopradosmartinez\/files\/2014\/04\/planta-con-gpr2.jpg 1541w\" sizes=\"auto, (max-width: 300px) 100vw, 300px\" \/><\/a><figcaption id=\"caption-attachment-350\" class=\"wp-caption-text\">Vista a\u00e9rea de la Necr\u00f3polis Oriental con las zonas prospectadas con GPR<\/figcaption><\/figure><\/p>\n","protected":false},"excerpt":{"rendered":"<p>Fruto de la colaboraci\u00f3n cient\u00edfica con la Universidad de M\u00e1laga, en concreto con el Prof. Francisco Guzm\u00e1n, del Departamento de Ingenier\u00eda El\u00e9ctrica, se llev\u00f3 a cabo el pasado mes de noviembre una prospecci\u00f3n geof\u00edsica en las dos \u00e1reas de la necr\u00f3polis, la que se ubica en la zona vallada, junto a la playa (\u00c1rea 1) [&hellip;]<\/p>\n","protected":false},"author":1721,"featured_media":0,"comment_status":"open","ping_status":"open","sticky":false,"template":"","format":"standard","meta":{"footnotes":""},"categories":[9],"tags":[],"class_list":["post-344","post","type-post","status-publish","format-standard","hentry","category-general"],"_links":{"self":[{"href":"https:\/\/blogs.ua.es\/fernandopradosmartinez\/index.php?rest_route=\/wp\/v2\/posts\/344","targetHints":{"allow":["GET"]}}],"collection":[{"href":"https:\/\/blogs.ua.es\/fernandopradosmartinez\/index.php?rest_route=\/wp\/v2\/posts"}],"about":[{"href":"https:\/\/blogs.ua.es\/fernandopradosmartinez\/index.php?rest_route=\/wp\/v2\/types\/post"}],"author":[{"embeddable":true,"href":"https:\/\/blogs.ua.es\/fernandopradosmartinez\/index.php?rest_route=\/wp\/v2\/users\/1721"}],"replies":[{"embeddable":true,"href":"https:\/\/blogs.ua.es\/fernandopradosmartinez\/index.php?rest_route=%2Fwp%2Fv2%2Fcomments&post=344"}],"version-history":[{"count":6,"href":"https:\/\/blogs.ua.es\/fernandopradosmartinez\/index.php?rest_route=\/wp\/v2\/posts\/344\/revisions"}],"predecessor-version":[{"id":353,"href":"https:\/\/blogs.ua.es\/fernandopradosmartinez\/index.php?rest_route=\/wp\/v2\/posts\/344\/revisions\/353"}],"wp:attachment":[{"href":"https:\/\/blogs.ua.es\/fernandopradosmartinez\/index.php?rest_route=%2Fwp%2Fv2%2Fmedia&parent=344"}],"wp:term":[{"taxonomy":"category","embeddable":true,"href":"https:\/\/blogs.ua.es\/fernandopradosmartinez\/index.php?rest_route=%2Fwp%2Fv2%2Fcategories&post=344"},{"taxonomy":"post_tag","embeddable":true,"href":"https:\/\/blogs.ua.es\/fernandopradosmartinez\/index.php?rest_route=%2Fwp%2Fv2%2Ftags&post=344"}],"curies":[{"name":"wp","href":"https:\/\/api.w.org\/{rel}","templated":true}]}}