{"id":373,"date":"2014-11-20T14:20:05","date_gmt":"2014-11-20T12:20:05","guid":{"rendered":"https:\/\/blogs.ua.es\/fernandopradosmartinez\/?p=373"},"modified":"2014-11-20T14:20:05","modified_gmt":"2014-11-20T12:20:05","slug":"nuevos-datos-sobre-la-via-sepulcral-y-nuevos-tipos-de-sepulcros","status":"publish","type":"post","link":"https:\/\/blogs.ua.es\/fernandopradosmartinez\/?p=373","title":{"rendered":"Nuevos datos sobre la v\u00eda sepulcral y nuevos tipos de sepulcros"},"content":{"rendered":"<p>La campa\u00f1a de 2014, correspondiente a la tercera anualidad del PGI &#8220;MBC Muerte y ritual funerario en Baelo Claudia&#8221; contin\u00faa ofreciendo datos relevantes sobre la organizaci\u00f3n del espacio funerario. A la informaci\u00f3n obtenida sobre la v\u00eda funeraria detectada en 2012 y documentada mediante prospecci\u00f3n geof\u00edsica en 2013, se suma la exhumaci\u00f3n de un tramo completo jalonado de tumbas de diferentes \u00e9pocas. <\/p>\n<figure id=\"attachment_374\" aria-describedby=\"caption-attachment-374\" style=\"width: 300px\" class=\"wp-caption aligncenter\"><a href=\"https:\/\/blogs.ua.es\/fernandopradosmartinez\/files\/2014\/11\/Captura.jpg\"><img loading=\"lazy\" decoding=\"async\" src=\"https:\/\/blogs.ua.es\/fernandopradosmartinez\/files\/2014\/11\/Captura-300x144.jpg\" alt=\"Proceso de excavaci\u00f3n\" width=\"300\" height=\"144\" class=\"size-medium wp-image-374\" srcset=\"https:\/\/blogs.ua.es\/fernandopradosmartinez\/files\/2014\/11\/Captura-300x144.jpg 300w, https:\/\/blogs.ua.es\/fernandopradosmartinez\/files\/2014\/11\/Captura-620x300.jpg 620w, https:\/\/blogs.ua.es\/fernandopradosmartinez\/files\/2014\/11\/Captura.jpg 669w\" sizes=\"auto, (max-width: 300px) 100vw, 300px\" \/><\/a><figcaption id=\"caption-attachment-374\" class=\"wp-caption-text\">Proceso de excavaci\u00f3n<\/figcaption><\/figure>\n<p>Aunque se sabe que la necr\u00f3polis fue profusamente intervenida entre 1917 y 1921, con m\u00e1s de un millar de sepulcros excavados por el equipo de P. Paris y G. Bonsor, a\u00fan hoy permite sacar a la luz nuevos datos y tipos de enterramiento, algunos de planta circular correspondientes a la primera fase (\u00e9poca augustea).<\/p>\n<figure id=\"attachment_376\" aria-describedby=\"caption-attachment-376\" style=\"width: 276px\" class=\"wp-caption aligncenter\"><a href=\"https:\/\/blogs.ua.es\/fernandopradosmartinez\/files\/2014\/11\/Captura2.jpg\"><img loading=\"lazy\" decoding=\"async\" src=\"https:\/\/blogs.ua.es\/fernandopradosmartinez\/files\/2014\/11\/Captura2-276x300.jpg\" alt=\"Vista parcial de la excavaci\u00f3n de 2014\" width=\"276\" height=\"300\" class=\"size-medium wp-image-376\" srcset=\"https:\/\/blogs.ua.es\/fernandopradosmartinez\/files\/2014\/11\/Captura2-276x300.jpg 276w, https:\/\/blogs.ua.es\/fernandopradosmartinez\/files\/2014\/11\/Captura2.jpg 464w\" sizes=\"auto, (max-width: 276px) 100vw, 276px\" \/><\/a><figcaption id=\"caption-attachment-376\" class=\"wp-caption-text\">Vista parcial de la excavaci\u00f3n de 2014<\/figcaption><\/figure>\n<p>Estos sepulcros, que no hab\u00edan sido documentados hasta el momento, aportan una informaci\u00f3n clave para el conocimiento de la sociedad baelonense de en torno al cambio de era.<\/p>\n","protected":false},"excerpt":{"rendered":"<p>La campa\u00f1a de 2014, correspondiente a la tercera anualidad del PGI &#8220;MBC Muerte y ritual funerario en Baelo Claudia&#8221; contin\u00faa ofreciendo datos relevantes sobre la organizaci\u00f3n del espacio funerario. A la informaci\u00f3n obtenida sobre la v\u00eda funeraria detectada en 2012 y documentada mediante prospecci\u00f3n geof\u00edsica en 2013, se suma la exhumaci\u00f3n de un tramo completo [&hellip;]<\/p>\n","protected":false},"author":1721,"featured_media":0,"comment_status":"open","ping_status":"open","sticky":false,"template":"","format":"standard","meta":{"footnotes":""},"categories":[9],"tags":[],"class_list":["post-373","post","type-post","status-publish","format-standard","hentry","category-general"],"_links":{"self":[{"href":"https:\/\/blogs.ua.es\/fernandopradosmartinez\/index.php?rest_route=\/wp\/v2\/posts\/373","targetHints":{"allow":["GET"]}}],"collection":[{"href":"https:\/\/blogs.ua.es\/fernandopradosmartinez\/index.php?rest_route=\/wp\/v2\/posts"}],"about":[{"href":"https:\/\/blogs.ua.es\/fernandopradosmartinez\/index.php?rest_route=\/wp\/v2\/types\/post"}],"author":[{"embeddable":true,"href":"https:\/\/blogs.ua.es\/fernandopradosmartinez\/index.php?rest_route=\/wp\/v2\/users\/1721"}],"replies":[{"embeddable":true,"href":"https:\/\/blogs.ua.es\/fernandopradosmartinez\/index.php?rest_route=%2Fwp%2Fv2%2Fcomments&post=373"}],"version-history":[{"count":3,"href":"https:\/\/blogs.ua.es\/fernandopradosmartinez\/index.php?rest_route=\/wp\/v2\/posts\/373\/revisions"}],"predecessor-version":[{"id":378,"href":"https:\/\/blogs.ua.es\/fernandopradosmartinez\/index.php?rest_route=\/wp\/v2\/posts\/373\/revisions\/378"}],"wp:attachment":[{"href":"https:\/\/blogs.ua.es\/fernandopradosmartinez\/index.php?rest_route=%2Fwp%2Fv2%2Fmedia&parent=373"}],"wp:term":[{"taxonomy":"category","embeddable":true,"href":"https:\/\/blogs.ua.es\/fernandopradosmartinez\/index.php?rest_route=%2Fwp%2Fv2%2Fcategories&post=373"},{"taxonomy":"post_tag","embeddable":true,"href":"https:\/\/blogs.ua.es\/fernandopradosmartinez\/index.php?rest_route=%2Fwp%2Fv2%2Ftags&post=373"}],"curies":[{"name":"wp","href":"https:\/\/api.w.org\/{rel}","templated":true}]}}