{"id":422,"date":"2015-06-10T16:18:13","date_gmt":"2015-06-10T14:18:13","guid":{"rendered":"https:\/\/blogs.ua.es\/fernandopradosmartinez\/?p=422"},"modified":"2015-06-10T16:33:42","modified_gmt":"2015-06-10T14:33:42","slug":"la-muerte-en-baelo-claudia-ya-en-las-librerias","status":"publish","type":"post","link":"https:\/\/blogs.ua.es\/fernandopradosmartinez\/?p=422","title":{"rendered":"&#8220;La muerte en Baelo Claudia&#8221; ya en las librer\u00edas"},"content":{"rendered":"<p>La obra coral &#8220;La muerte en Baelo Claudia. Necr\u00f3polis y ritual en el conf\u00edn del Imperio romano&#8221; (Publicaciones de la Universidad de Alicante, Ediciones UCA, 2015), bajo la edici\u00f3n cient\u00edfica de Fernando Prados y Helena Jim\u00e9nez, ya ha visto la luz. La edici\u00f3n, de 224 p\u00e1ginas a color, refleja los primeros avances de las investigaciones del proyecto &#8220;Muerte y ritual funerario en Baelo Claudia&#8221;. El libro est\u00e1 conformado por un conjunto de contribuciones de distintos especialistas que tratan sobre las excavaciones en la necr\u00f3polis, as\u00ed como de otros aspectos generales del mundo funerario, el paisaje, la epigraf\u00eda, la pintura, ect., con especial atenci\u00f3n al caso de Baelo Claudia.<\/p>\n<p><a href=\"https:\/\/blogs.ua.es\/fernandopradosmartinez\/files\/2015\/06\/foto2.jpg\"><img loading=\"lazy\" decoding=\"async\" src=\"https:\/\/blogs.ua.es\/fernandopradosmartinez\/files\/2015\/06\/foto2-300x122.jpg\" alt=\"Muerte en Baelo\" width=\"300\" height=\"122\" class=\"aligncenter size-medium wp-image-429\" srcset=\"https:\/\/blogs.ua.es\/fernandopradosmartinez\/files\/2015\/06\/foto2-300x122.jpg 300w, https:\/\/blogs.ua.es\/fernandopradosmartinez\/files\/2015\/06\/foto2.jpg 887w\" sizes=\"auto, (max-width: 300px) 100vw, 300px\" \/><\/a><\/p>\n<p>Desde las manifestaciones funerarias y su materialidad, refleja perspectivas y aproximaciones diversas y complementarias. Conjuga documentaci\u00f3n procedente de m\u00e1s de un siglo de investigaciones con los resultados de las \u00faltimas excavaciones arqueol\u00f3gicas, tanto del citado proyecto como de otros realizados por la Universidad de C\u00e1diz. Por \u00faltimo y no menos importante, la edici\u00f3n de la obra es fruto de la cooperaci\u00f3n interuniversitaria y su concepci\u00f3n resultado de la investigaci\u00f3n y la docencia en el \u00e1mbito p\u00fablico, fiel a la idiosincrasia del proyecto en que se enmarca.<\/p>\n<p><a href=\"https:\/\/blogs.ua.es\/fernandopradosmartinez\/files\/2015\/06\/LI9788497173681.gif\"><img loading=\"lazy\" decoding=\"async\" src=\"https:\/\/blogs.ua.es\/fernandopradosmartinez\/files\/2015\/06\/LI9788497173681.gif\" alt=\"La muerte en Baelo Claudia\" width=\"172\" height=\"238\" class=\"aligncenter size-full wp-image-423\" \/><\/a><\/p>\n<p>Ficha t\u00e9cnica:<br \/>\nMonograf\u00eda<br \/>\nmateria: Arqueolog\u00eda<br \/>\nEditores\/as: Prados Mart\u00ednez, F., Jim\u00e9nez Vial\u00e1s, H.<br \/>\nCoeditor: Universidad de C\u00e1diz<br \/>\nISBN: 978-84-9717-368-1<br \/>\nedici\u00f3n: 2015<br \/>\nidioma: espa\u00f1ol<br \/>\nformato: 29,7&#215;21<br \/>\nn\u00ba p\u00e1gs: 224<br \/>\nPVP sin IVA: 30,77 \u20ac<br \/>\nPVP con IVA: 32,00 \u20ac<\/p>\n","protected":false},"excerpt":{"rendered":"<p>La obra coral &#8220;La muerte en Baelo Claudia. Necr\u00f3polis y ritual en el conf\u00edn del Imperio romano&#8221; (Publicaciones de la Universidad de Alicante, Ediciones UCA, 2015), bajo la edici\u00f3n cient\u00edfica de Fernando Prados y Helena Jim\u00e9nez, ya ha visto la luz. La edici\u00f3n, de 224 p\u00e1ginas a color, refleja los primeros avances de las investigaciones [&hellip;]<\/p>\n","protected":false},"author":1721,"featured_media":429,"comment_status":"open","ping_status":"open","sticky":false,"template":"","format":"standard","meta":{"footnotes":""},"categories":[9],"tags":[],"class_list":["post-422","post","type-post","status-publish","format-standard","has-post-thumbnail","hentry","category-general"],"_links":{"self":[{"href":"https:\/\/blogs.ua.es\/fernandopradosmartinez\/index.php?rest_route=\/wp\/v2\/posts\/422","targetHints":{"allow":["GET"]}}],"collection":[{"href":"https:\/\/blogs.ua.es\/fernandopradosmartinez\/index.php?rest_route=\/wp\/v2\/posts"}],"about":[{"href":"https:\/\/blogs.ua.es\/fernandopradosmartinez\/index.php?rest_route=\/wp\/v2\/types\/post"}],"author":[{"embeddable":true,"href":"https:\/\/blogs.ua.es\/fernandopradosmartinez\/index.php?rest_route=\/wp\/v2\/users\/1721"}],"replies":[{"embeddable":true,"href":"https:\/\/blogs.ua.es\/fernandopradosmartinez\/index.php?rest_route=%2Fwp%2Fv2%2Fcomments&post=422"}],"version-history":[{"count":12,"href":"https:\/\/blogs.ua.es\/fernandopradosmartinez\/index.php?rest_route=\/wp\/v2\/posts\/422\/revisions"}],"predecessor-version":[{"id":436,"href":"https:\/\/blogs.ua.es\/fernandopradosmartinez\/index.php?rest_route=\/wp\/v2\/posts\/422\/revisions\/436"}],"wp:featuredmedia":[{"embeddable":true,"href":"https:\/\/blogs.ua.es\/fernandopradosmartinez\/index.php?rest_route=\/wp\/v2\/media\/429"}],"wp:attachment":[{"href":"https:\/\/blogs.ua.es\/fernandopradosmartinez\/index.php?rest_route=%2Fwp%2Fv2%2Fmedia&parent=422"}],"wp:term":[{"taxonomy":"category","embeddable":true,"href":"https:\/\/blogs.ua.es\/fernandopradosmartinez\/index.php?rest_route=%2Fwp%2Fv2%2Fcategories&post=422"},{"taxonomy":"post_tag","embeddable":true,"href":"https:\/\/blogs.ua.es\/fernandopradosmartinez\/index.php?rest_route=%2Fwp%2Fv2%2Ftags&post=422"}],"curies":[{"name":"wp","href":"https:\/\/api.w.org\/{rel}","templated":true}]}}