{"id":438,"date":"2015-12-16T12:33:57","date_gmt":"2015-12-16T10:33:57","guid":{"rendered":"https:\/\/blogs.ua.es\/fernandopradosmartinez\/?p=438"},"modified":"2015-12-16T12:34:17","modified_gmt":"2015-12-16T10:34:17","slug":"arranque-de-la-fase-de-estudio-de-materiales","status":"publish","type":"post","link":"https:\/\/blogs.ua.es\/fernandopradosmartinez\/?p=438","title":{"rendered":"Arranque de la fase de estudio de materiales 2015-2016"},"content":{"rendered":"<p>A la espera de la pr\u00f3xima campa\u00f1a de excavaciones arqueol\u00f3gicas, prevista para el verano de 2016, el equipo MBC desarrolla actualmente la fase de estudio de materiales provenientes de la \u00faltima actuaci\u00f3n que concluy\u00f3 el pasado mes de mayo. En este momento los trabajos est\u00e1n focalizados en tres \u00e1mbitos, por un lado, el dibujo y fotografiado de los materiales exhumados (principalmente cer\u00e1micos y met\u00e1licos), que fomaron parte tanto los ajuares de los enterramientos como de los rituales funerarios, en los laboratorios del Conjunto Arqueol\u00f3gico.<br \/>\n<figure id=\"attachment_439\" aria-describedby=\"caption-attachment-439\" style=\"width: 300px\" class=\"wp-caption alignleft\"><a href=\"https:\/\/blogs.ua.es\/fernandopradosmartinez\/files\/2015\/12\/Captura1.jpg\"><img loading=\"lazy\" decoding=\"async\" src=\"https:\/\/blogs.ua.es\/fernandopradosmartinez\/files\/2015\/12\/Captura1-300x251.jpg\" alt=\"Urna cineraria cubierta con un plato. Campa\u00f1a de 2014-2015\" width=\"300\" height=\"251\" class=\"size-medium wp-image-439\" srcset=\"https:\/\/blogs.ua.es\/fernandopradosmartinez\/files\/2015\/12\/Captura1-300x251.jpg 300w, https:\/\/blogs.ua.es\/fernandopradosmartinez\/files\/2015\/12\/Captura1.jpg 712w\" sizes=\"auto, (max-width: 300px) 100vw, 300px\" \/><\/a><figcaption id=\"caption-attachment-439\" class=\"wp-caption-text\">Urna cineraria cubierta con un plato. Campa\u00f1a de 2014-2015<\/figcaption><\/figure><\/p>\n<p>Por otra parte, en la misma sede, se est\u00e1n realizando las labores de inventario y catalogaci\u00f3n de todas las piezas, para tratar de recabar toda la informaci\u00f3n cronol\u00f3gica y contextual, que es fundamental en esta fase de desarrollo del proyecto.<br \/>\n<figure id=\"attachment_441\" aria-describedby=\"caption-attachment-441\" style=\"width: 300px\" class=\"wp-caption alignright\"><a href=\"https:\/\/blogs.ua.es\/fernandopradosmartinez\/files\/2015\/12\/Captura2.jpg\"><img loading=\"lazy\" decoding=\"async\" src=\"https:\/\/blogs.ua.es\/fernandopradosmartinez\/files\/2015\/12\/Captura2-300x207.jpg\" alt=\"Inventario y catalogaci\u00f3n en la sala multiusos del CABC\" width=\"300\" height=\"207\" class=\"size-medium wp-image-441\" srcset=\"https:\/\/blogs.ua.es\/fernandopradosmartinez\/files\/2015\/12\/Captura2-300x207.jpg 300w, https:\/\/blogs.ua.es\/fernandopradosmartinez\/files\/2015\/12\/Captura2.jpg 826w\" sizes=\"auto, (max-width: 300px) 100vw, 300px\" \/><\/a><figcaption id=\"caption-attachment-441\" class=\"wp-caption-text\">Inventario y catalogaci\u00f3n en la sala multiusos del CABC<\/figcaption><\/figure><\/p>\n<p>Finalmente, y bajo la coordinaci\u00f3n de la osteoarque\u00f3loga Mar\u00eda Paz de Miguel Ib\u00e1\u00f1ez (UA), se est\u00e1n llevando a cabo en el laboratorio de Arqueolog\u00eda de la Universidad de Alicante las micro-excavaciones de los interiores de las urnas cinerarias. Se trata de un m\u00e9todo de trabajo muy cuidado y lento, ya que cada deposici\u00f3n es tratada como un peque\u00f1o yacimiento en s\u00ed mismo. La excavaci\u00f3n se realiza dividiendo el espacio en cuadrantes y por niveles artificiales que se documentan fotogr\u00e1ficamente para despu\u00e9s ser montados en 3-D a trav\u00e9s de Photoscan.<\/p>\n<figure id=\"attachment_442\" aria-describedby=\"caption-attachment-442\" style=\"width: 300px\" class=\"wp-caption alignleft\"><a href=\"https:\/\/blogs.ua.es\/fernandopradosmartinez\/files\/2015\/12\/Captura3.jpg\"><img loading=\"lazy\" decoding=\"async\" src=\"https:\/\/blogs.ua.es\/fernandopradosmartinez\/files\/2015\/12\/Captura3-300x232.jpg\" alt=\"Intervenci\u00f3n en el interior de las urnas y documentaci\u00f3n en 3-D mediante Photoscan\" width=\"300\" height=\"232\" class=\"size-medium wp-image-442\" srcset=\"https:\/\/blogs.ua.es\/fernandopradosmartinez\/files\/2015\/12\/Captura3-300x232.jpg 300w, https:\/\/blogs.ua.es\/fernandopradosmartinez\/files\/2015\/12\/Captura3.jpg 633w\" sizes=\"auto, (max-width: 300px) 100vw, 300px\" \/><\/a><figcaption id=\"caption-attachment-442\" class=\"wp-caption-text\">Intervenci\u00f3n en el interior de las urnas y documentaci\u00f3n por Photoscan<\/figcaption><\/figure>\n<p>En breve pues comenzar\u00e1 el estudio forense de los restos humanos recuperados. En todas las tareas, junto al equipo de investigadores del proyecto MBC, participan becarios de investigaci\u00f3n y alumnos del Grado de Historia y del M\u00e1ster de Arqueolog\u00eda de la Universidad de Alicante que realizan pr\u00e1cticas y que se forman en el atractivo campo de la arqueolog\u00eda funeraria. <\/p>\n","protected":false},"excerpt":{"rendered":"<p>A la espera de la pr\u00f3xima campa\u00f1a de excavaciones arqueol\u00f3gicas, prevista para el verano de 2016, el equipo MBC desarrolla actualmente la fase de estudio de materiales provenientes de la \u00faltima actuaci\u00f3n que concluy\u00f3 el pasado mes de mayo. En este momento los trabajos est\u00e1n focalizados en tres \u00e1mbitos, por un lado, el dibujo y [&hellip;]<\/p>\n","protected":false},"author":1721,"featured_media":0,"comment_status":"open","ping_status":"open","sticky":false,"template":"","format":"standard","meta":{"footnotes":""},"categories":[9],"tags":[],"class_list":["post-438","post","type-post","status-publish","format-standard","hentry","category-general"],"_links":{"self":[{"href":"https:\/\/blogs.ua.es\/fernandopradosmartinez\/index.php?rest_route=\/wp\/v2\/posts\/438","targetHints":{"allow":["GET"]}}],"collection":[{"href":"https:\/\/blogs.ua.es\/fernandopradosmartinez\/index.php?rest_route=\/wp\/v2\/posts"}],"about":[{"href":"https:\/\/blogs.ua.es\/fernandopradosmartinez\/index.php?rest_route=\/wp\/v2\/types\/post"}],"author":[{"embeddable":true,"href":"https:\/\/blogs.ua.es\/fernandopradosmartinez\/index.php?rest_route=\/wp\/v2\/users\/1721"}],"replies":[{"embeddable":true,"href":"https:\/\/blogs.ua.es\/fernandopradosmartinez\/index.php?rest_route=%2Fwp%2Fv2%2Fcomments&post=438"}],"version-history":[{"count":6,"href":"https:\/\/blogs.ua.es\/fernandopradosmartinez\/index.php?rest_route=\/wp\/v2\/posts\/438\/revisions"}],"predecessor-version":[{"id":447,"href":"https:\/\/blogs.ua.es\/fernandopradosmartinez\/index.php?rest_route=\/wp\/v2\/posts\/438\/revisions\/447"}],"wp:attachment":[{"href":"https:\/\/blogs.ua.es\/fernandopradosmartinez\/index.php?rest_route=%2Fwp%2Fv2%2Fmedia&parent=438"}],"wp:term":[{"taxonomy":"category","embeddable":true,"href":"https:\/\/blogs.ua.es\/fernandopradosmartinez\/index.php?rest_route=%2Fwp%2Fv2%2Fcategories&post=438"},{"taxonomy":"post_tag","embeddable":true,"href":"https:\/\/blogs.ua.es\/fernandopradosmartinez\/index.php?rest_route=%2Fwp%2Fv2%2Ftags&post=438"}],"curies":[{"name":"wp","href":"https:\/\/api.w.org\/{rel}","templated":true}]}}