{"id":460,"date":"2016-08-29T10:17:33","date_gmt":"2016-08-29T08:17:33","guid":{"rendered":"https:\/\/blogs.ua.es\/fernandopradosmartinez\/?p=460"},"modified":"2016-08-29T10:17:33","modified_gmt":"2016-08-29T08:17:33","slug":"excavacion-de-una-inhumacion-infantil-de-la-fase-tardorromana","status":"publish","type":"post","link":"https:\/\/blogs.ua.es\/fernandopradosmartinez\/?p=460","title":{"rendered":"Excavaci\u00f3n de una inhumaci\u00f3n infantil de la fase tardorromana"},"content":{"rendered":"<p>Durante los meses de agosto y septiembre se est\u00e1 llevando a cabo la excavaci\u00f3n de una inhumaci\u00f3n infantil en las instalaciones del Conjunto Arqueol\u00f3gico de Baelo Claudia. Se trata de una deposici\u00f3n funeraria contenida en un peque\u00f1o sarc\u00f3fago de calcarenita fosil\u00edfera, perteneciente a la fase tardorromana de la necr\u00f3polis oriental. La intervenci\u00f3n, coordinada por Iv\u00e1n Garc\u00eda, se desarrolla con la colaboraci\u00f3n del Departamento de Ciencias Aplicadas de la Escuela de Ciencia y Tecnolog\u00eda de la Universidad de Bournemouth (Reino Unido), gracias al programa de pr\u00e1cticas para alumnado.<\/p>\n<figure id=\"attachment_461\" aria-describedby=\"caption-attachment-461\" style=\"width: 814px\" class=\"wp-caption aligncenter\"><img loading=\"lazy\" decoding=\"async\" src=\"https:\/\/blogs.ua.es\/fernandopradosmartinez\/files\/2016\/08\/Captura2.jpg\" alt=\"Intervenci\u00f3n en el sarc\u00f3fago infantil \" width=\"814\" height=\"576\" class=\"size-full wp-image-461\" srcset=\"https:\/\/blogs.ua.es\/fernandopradosmartinez\/files\/2016\/08\/Captura2.jpg 814w, https:\/\/blogs.ua.es\/fernandopradosmartinez\/files\/2016\/08\/Captura2-300x212.jpg 300w, https:\/\/blogs.ua.es\/fernandopradosmartinez\/files\/2016\/08\/Captura2-768x543.jpg 768w\" sizes=\"auto, (max-width: 814px) 100vw, 814px\" \/><figcaption id=\"caption-attachment-461\" class=\"wp-caption-text\">Intervenci\u00f3n en el sarc\u00f3fago infantil<\/figcaption><\/figure>\n<p>Todo apunta a que el sarc\u00f3fago, de dimensiones reducidas (0,70 x 0, 36 x 0,33 m), podr\u00eda contener los restos inhumados de un neonato. Se localiz\u00f3 a una veintena de metros al exterior de la puerta de la ciudad, junto a los restos de los mausoleos altoimperiales (\u00e1rea objeto de intervenci\u00f3n para la pr\u00f3xima campa\u00f1a de 2017). Estos monumentos fueron amortizados durante la fase de ampliaci\u00f3n de la necr\u00f3polis a partir de los siglos III y IV d.C., coincidiendo con el auge del cristianismo en la sociedad romana y la generalizaci\u00f3n del rito de inhumaci\u00f3n.<\/p>\n<figure id=\"attachment_463\" aria-describedby=\"caption-attachment-463\" style=\"width: 222px\" class=\"wp-caption alignleft\"><img loading=\"lazy\" decoding=\"async\" src=\"https:\/\/blogs.ua.es\/fernandopradosmartinez\/files\/2016\/08\/Captura3-222x300.jpg\" alt=\"Proceso de microexcavaci\u00f3n\" width=\"222\" height=\"300\" class=\"size-medium wp-image-463\" srcset=\"https:\/\/blogs.ua.es\/fernandopradosmartinez\/files\/2016\/08\/Captura3-222x300.jpg 222w, https:\/\/blogs.ua.es\/fernandopradosmartinez\/files\/2016\/08\/Captura3.jpg 404w\" sizes=\"auto, (max-width: 222px) 100vw, 222px\" \/><figcaption id=\"caption-attachment-463\" class=\"wp-caption-text\">Proceso de microexcavaci\u00f3n<\/figcaption><\/figure>\n<p>La existencia en Baelo de enterramientos pertenecientes a reci\u00e9n nacidos ya fue atestiguada en 2005, durante las intervenciones que la Universidad de C\u00e1diz llev\u00f3 a cabo junto al lienzo exterior de la muralla oriental. All\u00ed fueron localizadas al menos tres sepulturas separadas del resto de inhumaciones, indicando este hecho el trato especial que durante la Antig\u00fcedad recibieron estos individuos respecto de los adultos. En este caso, se trataba de peque\u00f1as cistas desprovistas de ajuar con los restos en su interior. La proximidad de este peque\u00f1o sarc\u00f3fago a esas sepulturas podr\u00eda indicar la existencia de un \u00e1rea sepulcral dedicada exclusivamente a neonatos. En los pr\u00f3ximos a\u00f1os estaremos en disposici\u00f3n de responder a estas y otras cuestiones.<br \/>\n<img loading=\"lazy\" decoding=\"async\" src=\"https:\/\/blogs.ua.es\/fernandopradosmartinez\/files\/2016\/08\/Captura4.jpg\" alt=\"Captura4\" width=\"756\" height=\"516\" class=\"aligncenter size-full wp-image-464\" srcset=\"https:\/\/blogs.ua.es\/fernandopradosmartinez\/files\/2016\/08\/Captura4.jpg 756w, https:\/\/blogs.ua.es\/fernandopradosmartinez\/files\/2016\/08\/Captura4-300x205.jpg 300w\" sizes=\"auto, (max-width: 756px) 100vw, 756px\" \/><\/p>\n<p>Texto e im\u00e1genes: Ana Gonz\u00e1lez Ruiz. Estudiante de Ciencias Arqueol\u00f3gicas, Antropol\u00f3gicas y Forenses (University of Bournemouth) e Iv\u00e1n Garc\u00eda (Conjunto Arqueol\u00f3gico de Baelo Claudia)<\/p>\n","protected":false},"excerpt":{"rendered":"<p>Durante los meses de agosto y septiembre se est\u00e1 llevando a cabo la excavaci\u00f3n de una inhumaci\u00f3n infantil en las instalaciones del Conjunto Arqueol\u00f3gico de Baelo Claudia. Se trata de una deposici\u00f3n funeraria contenida en un peque\u00f1o sarc\u00f3fago de calcarenita fosil\u00edfera, perteneciente a la fase tardorromana de la necr\u00f3polis oriental. La intervenci\u00f3n, coordinada por Iv\u00e1n [&hellip;]<\/p>\n","protected":false},"author":1721,"featured_media":0,"comment_status":"open","ping_status":"open","sticky":false,"template":"","format":"standard","meta":{"footnotes":""},"categories":[9],"tags":[],"class_list":["post-460","post","type-post","status-publish","format-standard","hentry","category-general"],"_links":{"self":[{"href":"https:\/\/blogs.ua.es\/fernandopradosmartinez\/index.php?rest_route=\/wp\/v2\/posts\/460","targetHints":{"allow":["GET"]}}],"collection":[{"href":"https:\/\/blogs.ua.es\/fernandopradosmartinez\/index.php?rest_route=\/wp\/v2\/posts"}],"about":[{"href":"https:\/\/blogs.ua.es\/fernandopradosmartinez\/index.php?rest_route=\/wp\/v2\/types\/post"}],"author":[{"embeddable":true,"href":"https:\/\/blogs.ua.es\/fernandopradosmartinez\/index.php?rest_route=\/wp\/v2\/users\/1721"}],"replies":[{"embeddable":true,"href":"https:\/\/blogs.ua.es\/fernandopradosmartinez\/index.php?rest_route=%2Fwp%2Fv2%2Fcomments&post=460"}],"version-history":[{"count":7,"href":"https:\/\/blogs.ua.es\/fernandopradosmartinez\/index.php?rest_route=\/wp\/v2\/posts\/460\/revisions"}],"predecessor-version":[{"id":470,"href":"https:\/\/blogs.ua.es\/fernandopradosmartinez\/index.php?rest_route=\/wp\/v2\/posts\/460\/revisions\/470"}],"wp:attachment":[{"href":"https:\/\/blogs.ua.es\/fernandopradosmartinez\/index.php?rest_route=%2Fwp%2Fv2%2Fmedia&parent=460"}],"wp:term":[{"taxonomy":"category","embeddable":true,"href":"https:\/\/blogs.ua.es\/fernandopradosmartinez\/index.php?rest_route=%2Fwp%2Fv2%2Fcategories&post=460"},{"taxonomy":"post_tag","embeddable":true,"href":"https:\/\/blogs.ua.es\/fernandopradosmartinez\/index.php?rest_route=%2Fwp%2Fv2%2Ftags&post=460"}],"curies":[{"name":"wp","href":"https:\/\/api.w.org\/{rel}","templated":true}]}}