{"id":472,"date":"2017-02-01T22:13:45","date_gmt":"2017-02-01T20:13:45","guid":{"rendered":"https:\/\/blogs.ua.es\/fernandopradosmartinez\/?p=472"},"modified":"2017-05-30T18:29:28","modified_gmt":"2017-05-30T16:29:28","slug":"estudio-de-materiales-y-planificacion-de-la-campana-2017","status":"publish","type":"post","link":"https:\/\/blogs.ua.es\/fernandopradosmartinez\/?p=472","title":{"rendered":"Estudio de materiales y planificaci\u00f3n de la campa\u00f1a 2017"},"content":{"rendered":"<p>En las pr\u00f3ximas semanas concluir\u00e1 el estudio de materiales correspondiente a la fase IV del Proyecto, en el que se han siglado, inventariado, catalogado y dibujado los hallazgos de la \u00faltima campa\u00f1a de excavaciones que tuvo lugar en 2014-2015. En las pr\u00f3ximas semanas el equipo se desplazar\u00e1 al Conjunto de Baelo Claudia para realizar fotograf\u00edas y tomar muestras. En breve, por tanto, se presentar\u00e1 la Memoria y se solicitar\u00e1 el permiso para la campa\u00f1a de excavaciones.<\/p>\n<p>La campa\u00f1a de excavaciones est\u00e1 prevista para el oto\u00f1o de 2017.<\/p>\n<figure id=\"attachment_473\" aria-describedby=\"caption-attachment-473\" style=\"width: 620px\" class=\"wp-caption aligncenter\"><img loading=\"lazy\" decoding=\"async\" src=\"https:\/\/blogs.ua.es\/fernandopradosmartinez\/files\/2017\/02\/laminilla-1024x728.jpg\" alt=\"Materiales del conjunto funerario 6A\" width=\"620\" height=\"441\" class=\"size-large wp-image-473\" srcset=\"https:\/\/blogs.ua.es\/fernandopradosmartinez\/files\/2017\/02\/laminilla-1024x728.jpg 1024w, https:\/\/blogs.ua.es\/fernandopradosmartinez\/files\/2017\/02\/laminilla-300x213.jpg 300w, https:\/\/blogs.ua.es\/fernandopradosmartinez\/files\/2017\/02\/laminilla-768x546.jpg 768w\" sizes=\"auto, (max-width: 620px) 100vw, 620px\" \/><figcaption id=\"caption-attachment-473\" class=\"wp-caption-text\">Materiales del conjunto funerario 6A<\/figcaption><\/figure>\n<p>En paralelo han terminado las excavaciones de las urnas cinerarias en el laboratorio de Arqueolog\u00eda de la Universidad de Alicante, coodinadas por las Dras. Patxuka de Miguel y Helena Jim\u00e9nez, en el que han participado diversos alumnos y alumnas de Grado y M\u00e1ster de las Universidades de Alicante, Murcia y Valencia. La Dra. Patxuka de Miguel ha comenzado esta misma semana el estudio osteoarqueol\u00f3gico de los restos biol\u00f3gicos de nuestra necr\u00f3polis.<\/p>\n<figure id=\"attachment_474\" aria-describedby=\"caption-attachment-474\" style=\"width: 620px\" class=\"wp-caption aligncenter\"><img loading=\"lazy\" decoding=\"async\" src=\"https:\/\/blogs.ua.es\/fernandopradosmartinez\/files\/2017\/02\/Georef-bonsor_2016rectificada-1024x674.jpg\" alt=\"Planta de la necr\u00f3polis\" width=\"620\" height=\"408\" class=\"size-large wp-image-474\" srcset=\"https:\/\/blogs.ua.es\/fernandopradosmartinez\/files\/2017\/02\/Georef-bonsor_2016rectificada-1024x674.jpg 1024w, https:\/\/blogs.ua.es\/fernandopradosmartinez\/files\/2017\/02\/Georef-bonsor_2016rectificada-300x198.jpg 300w, https:\/\/blogs.ua.es\/fernandopradosmartinez\/files\/2017\/02\/Georef-bonsor_2016rectificada-768x506.jpg 768w\" sizes=\"auto, (max-width: 620px) 100vw, 620px\" \/><figcaption id=\"caption-attachment-474\" class=\"wp-caption-text\">Planta de la necr\u00f3polis<\/figcaption><\/figure>\n","protected":false},"excerpt":{"rendered":"<p>En las pr\u00f3ximas semanas concluir\u00e1 el estudio de materiales correspondiente a la fase IV del Proyecto, en el que se han siglado, inventariado, catalogado y dibujado los hallazgos de la \u00faltima campa\u00f1a de excavaciones que tuvo lugar en 2014-2015. En las pr\u00f3ximas semanas el equipo se desplazar\u00e1 al Conjunto de Baelo Claudia para realizar fotograf\u00edas [&hellip;]<\/p>\n","protected":false},"author":1721,"featured_media":0,"comment_status":"open","ping_status":"open","sticky":false,"template":"","format":"standard","meta":{"footnotes":""},"categories":[9],"tags":[],"class_list":["post-472","post","type-post","status-publish","format-standard","hentry","category-general"],"_links":{"self":[{"href":"https:\/\/blogs.ua.es\/fernandopradosmartinez\/index.php?rest_route=\/wp\/v2\/posts\/472","targetHints":{"allow":["GET"]}}],"collection":[{"href":"https:\/\/blogs.ua.es\/fernandopradosmartinez\/index.php?rest_route=\/wp\/v2\/posts"}],"about":[{"href":"https:\/\/blogs.ua.es\/fernandopradosmartinez\/index.php?rest_route=\/wp\/v2\/types\/post"}],"author":[{"embeddable":true,"href":"https:\/\/blogs.ua.es\/fernandopradosmartinez\/index.php?rest_route=\/wp\/v2\/users\/1721"}],"replies":[{"embeddable":true,"href":"https:\/\/blogs.ua.es\/fernandopradosmartinez\/index.php?rest_route=%2Fwp%2Fv2%2Fcomments&post=472"}],"version-history":[{"count":9,"href":"https:\/\/blogs.ua.es\/fernandopradosmartinez\/index.php?rest_route=\/wp\/v2\/posts\/472\/revisions"}],"predecessor-version":[{"id":487,"href":"https:\/\/blogs.ua.es\/fernandopradosmartinez\/index.php?rest_route=\/wp\/v2\/posts\/472\/revisions\/487"}],"wp:attachment":[{"href":"https:\/\/blogs.ua.es\/fernandopradosmartinez\/index.php?rest_route=%2Fwp%2Fv2%2Fmedia&parent=472"}],"wp:term":[{"taxonomy":"category","embeddable":true,"href":"https:\/\/blogs.ua.es\/fernandopradosmartinez\/index.php?rest_route=%2Fwp%2Fv2%2Fcategories&post=472"},{"taxonomy":"post_tag","embeddable":true,"href":"https:\/\/blogs.ua.es\/fernandopradosmartinez\/index.php?rest_route=%2Fwp%2Fv2%2Ftags&post=472"}],"curies":[{"name":"wp","href":"https:\/\/api.w.org\/{rel}","templated":true}]}}