{"id":489,"date":"2017-08-03T13:12:45","date_gmt":"2017-08-03T11:12:45","guid":{"rendered":"https:\/\/blogs.ua.es\/fernandopradosmartinez\/?p=489"},"modified":"2017-08-03T13:12:45","modified_gmt":"2017-08-03T11:12:45","slug":"nueva-excavacion-arqueologica-2017-2018","status":"publish","type":"post","link":"https:\/\/blogs.ua.es\/fernandopradosmartinez\/?p=489","title":{"rendered":"Nueva excavaci\u00f3n arqueol\u00f3gica (2017-2018)"},"content":{"rendered":"<p>Durante este mes de agosto arrancamos una nueva fase de excavaciones arqueol\u00f3gicas en la necr\u00f3polis de Baelo, concretamente en el \u00e1rea de los mausoleos ubicados junto a la puerta oriental de la ciudad o &#8220;puerta de Carteia&#8221;. En esta ocasi\u00f3n nuestra intervenci\u00f3n se va a desarrollar en el interior del terreno acotado del Conjunto Arqueol\u00f3gico. El \u00e1rea de intervenci\u00f3n engloba los sepulcros ubicados junto al sector aparentemente no excavado que se situa al norte de la v\u00eda de acceso. En esta zona la prospecci\u00f3n con georradar que acometimos en 2013 document\u00f3 diversas estructuras de entidad y la v\u00eda funeraria, aparentemente pavimentada, a -1.60 m de profundidad del suelo actual.<\/p>\n<figure id=\"attachment_490\" aria-describedby=\"caption-attachment-490\" style=\"width: 620px\" class=\"wp-caption aligncenter\"><img loading=\"lazy\" decoding=\"async\" src=\"https:\/\/blogs.ua.es\/fernandopradosmartinez\/files\/2017\/08\/area2017-1024x682.jpg\" alt=\"\" width=\"620\" height=\"413\" class=\"size-large wp-image-490\" srcset=\"https:\/\/blogs.ua.es\/fernandopradosmartinez\/files\/2017\/08\/area2017-1024x682.jpg 1024w, https:\/\/blogs.ua.es\/fernandopradosmartinez\/files\/2017\/08\/area2017-300x200.jpg 300w, https:\/\/blogs.ua.es\/fernandopradosmartinez\/files\/2017\/08\/area2017-768x512.jpg 768w, https:\/\/blogs.ua.es\/fernandopradosmartinez\/files\/2017\/08\/area2017.jpg 1772w\" sizes=\"auto, (max-width: 620px) 100vw, 620px\" \/><figcaption id=\"caption-attachment-490\" class=\"wp-caption-text\">\u00c1rea de intervenci\u00f3n 2017<\/figcaption><\/figure>\n<p>Los dos grandes monumentos visibles son los que mayor tama\u00f1o y complejidad arquitect\u00f3nica tienen, por lo que f\u00e1cilmente se pueden vincular a la elite urbana. Por su posici\u00f3n preeminente junto a la puerta deber\u00edan ser los m\u00e1s antiguos, aunque no hay materiales adscritos por el momento. Tambi\u00e9n la cota a la que se ubican, muy superior a la del decumanus maximus que socav\u00f3 el nivel republicano en la zona de la puerta, puede explicar esta cronolog\u00eda m\u00e1s antigua, coet\u00e1nea a la construcci\u00f3n de la puerta y muralla. <\/p>\n<figure id=\"attachment_493\" aria-describedby=\"caption-attachment-493\" style=\"width: 755px\" class=\"wp-caption alignright\"><img loading=\"lazy\" decoding=\"async\" src=\"https:\/\/blogs.ua.es\/fernandopradosmartinez\/files\/2017\/08\/Captura.jpg\" alt=\"\" width=\"755\" height=\"473\" class=\"size-full wp-image-493\" srcset=\"https:\/\/blogs.ua.es\/fernandopradosmartinez\/files\/2017\/08\/Captura.jpg 755w, https:\/\/blogs.ua.es\/fernandopradosmartinez\/files\/2017\/08\/Captura-300x188.jpg 300w\" sizes=\"auto, (max-width: 755px) 100vw, 755px\" \/><figcaption id=\"caption-attachment-493\" class=\"wp-caption-text\">Vista a\u00e9rea de los monumentos<\/figcaption><\/figure>\n<p>Ambos monumentos una vez destruidos y expoliados fueron ocupados por varios sepulcros tard\u00edos, por lo que gracias a su excavaci\u00f3n ser\u00e1 posible obtener una secuencia completa de todo el uso funerario de esta espectacular necr\u00f3polis. <\/p>\n","protected":false},"excerpt":{"rendered":"<p>Durante este mes de agosto arrancamos una nueva fase de excavaciones arqueol\u00f3gicas en la necr\u00f3polis de Baelo, concretamente en el \u00e1rea de los mausoleos ubicados junto a la puerta oriental de la ciudad o &#8220;puerta de Carteia&#8221;. En esta ocasi\u00f3n nuestra intervenci\u00f3n se va a desarrollar en el interior del terreno acotado del Conjunto Arqueol\u00f3gico. [&hellip;]<\/p>\n","protected":false},"author":1721,"featured_media":0,"comment_status":"open","ping_status":"open","sticky":false,"template":"","format":"standard","meta":{"footnotes":""},"categories":[9],"tags":[],"class_list":["post-489","post","type-post","status-publish","format-standard","hentry","category-general"],"_links":{"self":[{"href":"https:\/\/blogs.ua.es\/fernandopradosmartinez\/index.php?rest_route=\/wp\/v2\/posts\/489","targetHints":{"allow":["GET"]}}],"collection":[{"href":"https:\/\/blogs.ua.es\/fernandopradosmartinez\/index.php?rest_route=\/wp\/v2\/posts"}],"about":[{"href":"https:\/\/blogs.ua.es\/fernandopradosmartinez\/index.php?rest_route=\/wp\/v2\/types\/post"}],"author":[{"embeddable":true,"href":"https:\/\/blogs.ua.es\/fernandopradosmartinez\/index.php?rest_route=\/wp\/v2\/users\/1721"}],"replies":[{"embeddable":true,"href":"https:\/\/blogs.ua.es\/fernandopradosmartinez\/index.php?rest_route=%2Fwp%2Fv2%2Fcomments&post=489"}],"version-history":[{"count":5,"href":"https:\/\/blogs.ua.es\/fernandopradosmartinez\/index.php?rest_route=\/wp\/v2\/posts\/489\/revisions"}],"predecessor-version":[{"id":496,"href":"https:\/\/blogs.ua.es\/fernandopradosmartinez\/index.php?rest_route=\/wp\/v2\/posts\/489\/revisions\/496"}],"wp:attachment":[{"href":"https:\/\/blogs.ua.es\/fernandopradosmartinez\/index.php?rest_route=%2Fwp%2Fv2%2Fmedia&parent=489"}],"wp:term":[{"taxonomy":"category","embeddable":true,"href":"https:\/\/blogs.ua.es\/fernandopradosmartinez\/index.php?rest_route=%2Fwp%2Fv2%2Fcategories&post=489"},{"taxonomy":"post_tag","embeddable":true,"href":"https:\/\/blogs.ua.es\/fernandopradosmartinez\/index.php?rest_route=%2Fwp%2Fv2%2Ftags&post=489"}],"curies":[{"name":"wp","href":"https:\/\/api.w.org\/{rel}","templated":true}]}}