{"id":512,"date":"2018-08-25T20:12:43","date_gmt":"2018-08-25T18:12:43","guid":{"rendered":"https:\/\/blogs.ua.es\/fernandopradosmartinez\/?p=512"},"modified":"2018-08-25T20:13:47","modified_gmt":"2018-08-25T18:13:47","slug":"presentacion-del-epigrafe-de-iunia-rufina-mausoleo-t32","status":"publish","type":"post","link":"https:\/\/blogs.ua.es\/fernandopradosmartinez\/?p=512","title":{"rendered":"La inscripci\u00f3n de Iunia Rufina (mausoleo T32)"},"content":{"rendered":"<p>Actualmente llevamos a cabo la \u00faltima fase de excavaciones de nuestro proyecto, concretamente en el \u00e1rea funeraria ubicada junto a la puerta oriental. Una vez excavados otros sectores, el equipo se ha concentrado en los sepulcros m\u00e1s espectaculares que se encuentran, adem\u00e1s, dentro del espacio protegido del yacimiento y plenamente integrados dentro del circuito de visitas. Los mausoleos intervenidos (T-31 y T-32), de enorme monumentalidad, reflejan el periodo de esplendor que disfrut\u00f3 esta ciudad del Estrecho durante los siglos I y II d.C. Junto a la informaci\u00f3n sobre la arquitectura o el ritual funerario, se est\u00e1n detectando nuevas evidencias del devastador terremoto que tuvo lugar a finales del siglo IV d.C. afectando diversos puntos de la costa andaluza y que derrib\u00f3 en Baelo los citados monumentos, afectando a otros edificios de la urbe.<\/p>\n<figure id=\"attachment_511\" aria-describedby=\"caption-attachment-511\" style=\"width: 620px\" class=\"wp-caption aligncenter\"><img loading=\"lazy\" decoding=\"async\" src=\"https:\/\/blogs.ua.es\/fernandopradosmartinez\/files\/2018\/08\/angel1-1024x583.jpg\" alt=\"\" width=\"620\" height=\"353\" class=\"size-large wp-image-511\" srcset=\"https:\/\/blogs.ua.es\/fernandopradosmartinez\/files\/2018\/08\/angel1-1024x583.jpg 1024w, https:\/\/blogs.ua.es\/fernandopradosmartinez\/files\/2018\/08\/angel1-300x171.jpg 300w, https:\/\/blogs.ua.es\/fernandopradosmartinez\/files\/2018\/08\/angel1-768x437.jpg 768w, https:\/\/blogs.ua.es\/fernandopradosmartinez\/files\/2018\/08\/angel1-195x110.jpg 195w, https:\/\/blogs.ua.es\/fernandopradosmartinez\/files\/2018\/08\/angel1.jpg 1074w\" sizes=\"auto, (max-width: 620px) 100vw, 620px\" \/><figcaption id=\"caption-attachment-511\" class=\"wp-caption-text\">Jard\u00edn funerario del mausoleo T32<\/figcaption><\/figure>\n<p>La excavaci\u00f3n del mausoleo T-32 ha permitido localizar columnas y capiteles corintios de gran calidad realizados en m\u00e1rmol, importados desde distintos lugares del Imperio romano, as\u00ed como elementos decorativos esculpidos y pintados que formaron parte de su ornamentaci\u00f3n. Estos materiales se encuentran ya en estudio y en breve contaremos con los resultados de las anal\u00edticas. En paralelo, ha sido hallada una calle perpendicular a la v\u00eda que un\u00eda Baelo con Carteia, prolongaci\u00f3n del decumanus maximus de la ciudad. Estos hallazgos, perfectamente conservados, han aparecido por debajo de los elementos arquitect\u00f3nicos que el se\u00edsmo derrib\u00f3. Sobre los escombros, el equipo ha excavado tambi\u00e9n diversos sepulcros tardorromanos y cristianos, fechados hacia los siglos V-VI y que subrayan que el valor funerario y simb\u00f3lico de esta zona no se perdi\u00f3 con el paso del tiempo.<\/p>\n<figure id=\"attachment_513\" aria-describedby=\"caption-attachment-513\" style=\"width: 656px\" class=\"wp-caption aligncenter\"><img loading=\"lazy\" decoding=\"async\" src=\"https:\/\/blogs.ua.es\/fernandopradosmartinez\/files\/2018\/08\/cap4.jpg\" alt=\"\" width=\"656\" height=\"562\" class=\"size-full wp-image-513\" srcset=\"https:\/\/blogs.ua.es\/fernandopradosmartinez\/files\/2018\/08\/cap4.jpg 656w, https:\/\/blogs.ua.es\/fernandopradosmartinez\/files\/2018\/08\/cap4-300x257.jpg 300w\" sizes=\"auto, (max-width: 656px) 100vw, 656px\" \/><figcaption id=\"caption-attachment-513\" class=\"wp-caption-text\">Capitel de T34<\/figcaption><\/figure>\n<p>La inscripci\u00f3n monumental<\/p>\n<p>El descubrimiento m\u00e1s rese\u00f1able sin lugar a dudas es la inscripci\u00f3n monumental, realizada con letras de bronce, que se emplaza en el arquitrabe que form\u00f3 parte de la portada del mausoleo, y en la que se identific\u00f3 nominalmente a su ilustre propietaria junto a las cl\u00e1sicas f\u00f3rmulas religiosas romanas. Se trata de un hallazgo excepcional dado que las letras de metal eran sistem\u00e1ticamente expoliadas y fundidas tras el abandono de los edificios de los que formaban parte, y por ese motivo se trata de una pieza extraordinaria. La rapidez y virulencia con la que el mausoleo se derrumb\u00f3 provoc\u00f3 que el dintel cayese boca abajo y que estas letras quedasen cubiertas hasta su reciente hallazgo. <\/p>\n<figure id=\"attachment_515\" aria-describedby=\"caption-attachment-515\" style=\"width: 760px\" class=\"wp-caption aligncenter\"><img loading=\"lazy\" decoding=\"async\" src=\"https:\/\/blogs.ua.es\/fernandopradosmartinez\/files\/2018\/08\/Captura.jpg\" alt=\"\" width=\"760\" height=\"503\" class=\"size-full wp-image-515\" srcset=\"https:\/\/blogs.ua.es\/fernandopradosmartinez\/files\/2018\/08\/Captura.jpg 760w, https:\/\/blogs.ua.es\/fernandopradosmartinez\/files\/2018\/08\/Captura-300x199.jpg 300w\" sizes=\"auto, (max-width: 760px) 100vw, 760px\" \/><figcaption id=\"caption-attachment-515\" class=\"wp-caption-text\">Inscripci\u00f3n de Iunia Rufina<\/figcaption><\/figure>\n<p>La extracci\u00f3n de la pieza el pasado 4 de junio ha permitido comprobar, adem\u00e1s, que la inscripci\u00f3n est\u00e1 completa y que alude a una mujer que fue sepultada en este mausoleo, justo en el mismo lugar donde hace poco m\u00e1s de dos d\u00e9cadas se exhum\u00f3 la estatua femenina que se expone en el museo del Conjunto Arqueol\u00f3gico tarife\u00f1o, y que ahora podemos interpretar como su retrato. Cabe pues se\u00f1alar que el sepulcro m\u00e1s importante, emplazado en un espacio privilegiado de la necr\u00f3polis, perteneci\u00f3 a una mujer. S\u00f3lo la continuaci\u00f3n de la excavaci\u00f3n podr\u00e1 ofrecer m\u00e1s datos sobre el mausoleo y sobre su notable propietaria. La inscripci\u00f3n, ya en estudio epigr\u00e1fico y contextual, aparece completa en sus tres l\u00edneas.<\/p>\n<figure id=\"attachment_514\" aria-describedby=\"caption-attachment-514\" style=\"width: 720px\" class=\"wp-caption aligncenter\"><img loading=\"lazy\" decoding=\"async\" src=\"https:\/\/blogs.ua.es\/fernandopradosmartinez\/files\/2018\/08\/damabaelo.jpg\" alt=\"\" width=\"720\" height=\"960\" class=\"size-full wp-image-514\" srcset=\"https:\/\/blogs.ua.es\/fernandopradosmartinez\/files\/2018\/08\/damabaelo.jpg 720w, https:\/\/blogs.ua.es\/fernandopradosmartinez\/files\/2018\/08\/damabaelo-225x300.jpg 225w\" sizes=\"auto, (max-width: 720px) 100vw, 720px\" \/><figcaption id=\"caption-attachment-514\" class=\"wp-caption-text\">La llamada dama de Baelo<\/figcaption><\/figure>\n<p>Hacia la puesta en valor del mausoleo de Junia Rufina<\/p>\n<p>El car\u00e1cter excepcional del hallazgo viene a ofrecer nuevas potencialidades de cara a la puesta en valor del espacio funerario de Baelo. El ep\u00edgrafe puede ser un magn\u00edfico recurso expositivo y pasar a formar parte de una futura anastilosis (reconstrucci\u00f3n) que podr\u00e1 ser incorporada al discurso museogr\u00e1fico del yacimiento y del museo. Ello contribuir\u00e1 notablemente a incrementar la riqueza patrimonial de este singular enclave y renovar la exposici\u00f3n permanente del Conjunto Arqueol\u00f3gico. La oportunidad pr\u00e1cticamente \u00fanica a escala nacional de poder plantear un nuevo acceso al circuito de visitas al yacimiento a partir de uno de sus ejes principales, el mismo que se us\u00f3 hace 2000 a\u00f1os, supondr\u00eda un incuestionable valor a\u00f1adido. Esto mejorar\u00eda sustancialmente la calidad informativa\/did\u00e1ctica de las visitas, convirti\u00e9ndola en una experiencia \u00fanica, al nivel de las que se pueden realizar en Pompeya, Ostia y otras c\u00e9lebres ciudades romanas.<\/p>\n<p>La reciente presentaci\u00f3n ha tenido un enorme impacto medi\u00e1tico. Aqu\u00ed pod\u00e9is encontrar algunos enlaces a los principales medios que se han hecho eco de la noticia y que la han comentado, con desigual fortuna:<\/p>\n<p>https:\/\/elpais.com\/cultura\/2018\/08\/24\/actualidad\/1535120746_774041.html<br \/>\nhttp:\/\/www.europapress.es\/esandalucia\/cadiz\/noticia-hallada-conjunto-arqueologico-baelo-claudia-tarifa-cadiz-inscripcion-funeraria-unica-hispania-20180824141421.html<br \/>\nhttp:\/\/www.canalsur.es\/noticias\/descubrimiento-arqueologico-de-gran-valor-en-tarifa\/1313577.html<br \/>\nhttp:\/\/cadenaser.com\/emisora\/2018\/08\/24\/radio_algeciras\/1535116026_314828.html<br \/>\nhttps:\/\/www.diariodecadiz.es\/ocio\/Hallan-Baelo-Claudia-inscripcion-Hispania_0_1276072466.html<\/p>\n","protected":false},"excerpt":{"rendered":"<p>Actualmente llevamos a cabo la \u00faltima fase de excavaciones de nuestro proyecto, concretamente en el \u00e1rea funeraria ubicada junto a la puerta oriental. Una vez excavados otros sectores, el equipo se ha concentrado en los sepulcros m\u00e1s espectaculares que se encuentran, adem\u00e1s, dentro del espacio protegido del yacimiento y plenamente integrados dentro del circuito de [&hellip;]<\/p>\n","protected":false},"author":1721,"featured_media":0,"comment_status":"open","ping_status":"open","sticky":false,"template":"","format":"standard","meta":{"footnotes":""},"categories":[9],"tags":[],"class_list":["post-512","post","type-post","status-publish","format-standard","hentry","category-general"],"_links":{"self":[{"href":"https:\/\/blogs.ua.es\/fernandopradosmartinez\/index.php?rest_route=\/wp\/v2\/posts\/512","targetHints":{"allow":["GET"]}}],"collection":[{"href":"https:\/\/blogs.ua.es\/fernandopradosmartinez\/index.php?rest_route=\/wp\/v2\/posts"}],"about":[{"href":"https:\/\/blogs.ua.es\/fernandopradosmartinez\/index.php?rest_route=\/wp\/v2\/types\/post"}],"author":[{"embeddable":true,"href":"https:\/\/blogs.ua.es\/fernandopradosmartinez\/index.php?rest_route=\/wp\/v2\/users\/1721"}],"replies":[{"embeddable":true,"href":"https:\/\/blogs.ua.es\/fernandopradosmartinez\/index.php?rest_route=%2Fwp%2Fv2%2Fcomments&post=512"}],"version-history":[{"count":6,"href":"https:\/\/blogs.ua.es\/fernandopradosmartinez\/index.php?rest_route=\/wp\/v2\/posts\/512\/revisions"}],"predecessor-version":[{"id":521,"href":"https:\/\/blogs.ua.es\/fernandopradosmartinez\/index.php?rest_route=\/wp\/v2\/posts\/512\/revisions\/521"}],"wp:attachment":[{"href":"https:\/\/blogs.ua.es\/fernandopradosmartinez\/index.php?rest_route=%2Fwp%2Fv2%2Fmedia&parent=512"}],"wp:term":[{"taxonomy":"category","embeddable":true,"href":"https:\/\/blogs.ua.es\/fernandopradosmartinez\/index.php?rest_route=%2Fwp%2Fv2%2Fcategories&post=512"},{"taxonomy":"post_tag","embeddable":true,"href":"https:\/\/blogs.ua.es\/fernandopradosmartinez\/index.php?rest_route=%2Fwp%2Fv2%2Ftags&post=512"}],"curies":[{"name":"wp","href":"https:\/\/api.w.org\/{rel}","templated":true}]}}