{"id":522,"date":"2019-06-17T12:40:19","date_gmt":"2019-06-17T10:40:19","guid":{"rendered":"https:\/\/blogs.ua.es\/fernandopradosmartinez\/?p=522"},"modified":"2019-06-17T12:40:19","modified_gmt":"2019-06-17T10:40:19","slug":"exposicion-vltratumba-luz-y-sombra-en-las-necropolis-de-baelo","status":"publish","type":"post","link":"https:\/\/blogs.ua.es\/fernandopradosmartinez\/?p=522","title":{"rendered":"Exposici\u00f3n Vltratumba. Luz y sombra en las necr\u00f3polis de Baelo"},"content":{"rendered":"<p>La exposici\u00f3n &#8216;Vltra Tumba&#8217; ha sido inaugurada el pasado 14 de junio y permanecer\u00e1 abierta hasta fin de a\u00f1o. La delegada territorial de Cultura y Patrimonio Hist\u00f3rico de la Junta de Andalucia en C\u00e1diz, Mercedes Colombo, acompa\u00f1ada del comisario de la Exposici\u00f3n y director del Proyecto, Fernando Prados, y del arque\u00f3logo Iv\u00e1n Garc\u00eda, ha inaugurado la exposici\u00f3n &#8216;Vltratumba, Luz y sombra en las necr\u00f3polis de Baelo&#8217;, donde se van a mostrar los resultados cient\u00edficos del Proyecto General de investigaci\u00f3n &#8216;Muerte y Ritual Funerario en Baelo Claudia&#8217; que viene desarrollando la Universidad de Alicante desde 2012.<\/p>\n<p><img loading=\"lazy\" decoding=\"async\" src=\"https:\/\/blogs.ua.es\/fernandopradosmartinez\/files\/2019\/06\/Captura-e1560767976321.jpg\" alt=\"\" width=\"1000\" height=\"657\" class=\"aligncenter size-full wp-image-527\" \/><\/p>\n<p>La exposici\u00f3n &#8216;Vltra Tumba&#8217; muestra por vez primera el ep\u00edgrafe funerario de Junia Rufina en Baelo Claudia, que a\u00fan se encuentra en fase de estudio, y est\u00e1 compuesta por diversos paneles informativos explicando el proceso de excavaci\u00f3n y los resultados obtenidos durante los seis a\u00f1os de duraci\u00f3n del Proyecto, junto a piezas originales y la recreaci\u00f3n de los diversos tipos de enterramiento que caracterizan esta necr\u00f3polis gaditana.<\/p>\n<p><img loading=\"lazy\" decoding=\"async\" src=\"https:\/\/blogs.ua.es\/fernandopradosmartinez\/files\/2019\/06\/Captura2-e1560767927647.jpg\" alt=\"\" width=\"700\" height=\"557\" class=\"aligncenter size-full wp-image-528\" \/><\/p>\n<p><img loading=\"lazy\" decoding=\"async\" src=\"https:\/\/blogs.ua.es\/fernandopradosmartinez\/files\/2019\/06\/Captura3-300x204.jpg\" alt=\"\" width=\"300\" height=\"204\" class=\"alignleft size-medium wp-image-530\" srcset=\"https:\/\/blogs.ua.es\/fernandopradosmartinez\/files\/2019\/06\/Captura3-300x204.jpg 300w, https:\/\/blogs.ua.es\/fernandopradosmartinez\/files\/2019\/06\/Captura3-768x523.jpg 768w, https:\/\/blogs.ua.es\/fernandopradosmartinez\/files\/2019\/06\/Captura3-1024x698.jpg 1024w, https:\/\/blogs.ua.es\/fernandopradosmartinez\/files\/2019\/06\/Captura3.jpg 1161w\" sizes=\"auto, (max-width: 300px) 100vw, 300px\" \/><\/p>\n","protected":false},"excerpt":{"rendered":"<p>La exposici\u00f3n &#8216;Vltra Tumba&#8217; ha sido inaugurada el pasado 14 de junio y permanecer\u00e1 abierta hasta fin de a\u00f1o. La delegada territorial de Cultura y Patrimonio Hist\u00f3rico de la Junta de Andalucia en C\u00e1diz, Mercedes Colombo, acompa\u00f1ada del comisario de la Exposici\u00f3n y director del Proyecto, Fernando Prados, y del arque\u00f3logo Iv\u00e1n Garc\u00eda, ha inaugurado [&hellip;]<\/p>\n","protected":false},"author":1721,"featured_media":0,"comment_status":"open","ping_status":"open","sticky":false,"template":"","format":"standard","meta":{"footnotes":""},"categories":[9],"tags":[],"class_list":["post-522","post","type-post","status-publish","format-standard","hentry","category-general"],"_links":{"self":[{"href":"https:\/\/blogs.ua.es\/fernandopradosmartinez\/index.php?rest_route=\/wp\/v2\/posts\/522","targetHints":{"allow":["GET"]}}],"collection":[{"href":"https:\/\/blogs.ua.es\/fernandopradosmartinez\/index.php?rest_route=\/wp\/v2\/posts"}],"about":[{"href":"https:\/\/blogs.ua.es\/fernandopradosmartinez\/index.php?rest_route=\/wp\/v2\/types\/post"}],"author":[{"embeddable":true,"href":"https:\/\/blogs.ua.es\/fernandopradosmartinez\/index.php?rest_route=\/wp\/v2\/users\/1721"}],"replies":[{"embeddable":true,"href":"https:\/\/blogs.ua.es\/fernandopradosmartinez\/index.php?rest_route=%2Fwp%2Fv2%2Fcomments&post=522"}],"version-history":[{"count":8,"href":"https:\/\/blogs.ua.es\/fernandopradosmartinez\/index.php?rest_route=\/wp\/v2\/posts\/522\/revisions"}],"predecessor-version":[{"id":534,"href":"https:\/\/blogs.ua.es\/fernandopradosmartinez\/index.php?rest_route=\/wp\/v2\/posts\/522\/revisions\/534"}],"wp:attachment":[{"href":"https:\/\/blogs.ua.es\/fernandopradosmartinez\/index.php?rest_route=%2Fwp%2Fv2%2Fmedia&parent=522"}],"wp:term":[{"taxonomy":"category","embeddable":true,"href":"https:\/\/blogs.ua.es\/fernandopradosmartinez\/index.php?rest_route=%2Fwp%2Fv2%2Fcategories&post=522"},{"taxonomy":"post_tag","embeddable":true,"href":"https:\/\/blogs.ua.es\/fernandopradosmartinez\/index.php?rest_route=%2Fwp%2Fv2%2Ftags&post=522"}],"curies":[{"name":"wp","href":"https:\/\/api.w.org\/{rel}","templated":true}]}}