{"id":394,"date":"2015-04-25T16:21:08","date_gmt":"2015-04-25T15:21:08","guid":{"rendered":"https:\/\/blogs.ua.es\/fisicateleco\/?p=394"},"modified":"2015-05-12T08:05:08","modified_gmt":"2015-05-12T07:05:08","slug":"la-unificacion-de-luz-electricidad-y-magnetismo","status":"publish","type":"post","link":"https:\/\/blogs.ua.es\/fisicateleco\/2015\/04\/25\/la-unificacion-de-luz-electricidad-y-magnetismo\/","title":{"rendered":"La unificaci\u00f3n de luz, electricidad y magnetismo"},"content":{"rendered":"<h4 style=\"text-align: justify\">2015, A\u00f1o de la Luz y de las Tecnolog\u00edas basadas en la Luz.<\/h4>\n<p style=\"text-align: justify\">A comienzos del siglo XIX la luz, la electricidad y el magnetismo eran considerados tres fen\u00f3menos independientes. Mientras que el inter\u00e9s por la \u00f3ptica estaba justificado por su aplicaci\u00f3n a la construcci\u00f3n de instrumentos \u00f3pticos, los fen\u00f3menos el\u00e9ctricos y magn\u00e9ticos pod\u00edan resultar interesantes para los cient\u00edficos, pero carec\u00edan de trascendencia al no haber dado lugar a aplicaciones pr\u00e1cticas. En el art\u00edculo <strong><span style=\"color: #000080\"><a href=\"http:\/\/rua.ua.es\/dspace\/bitstream\/10045\/9175\/1\/RBEF_v30_n2_2601_2008.pdf\" target=\"_self\">La unificaci\u00f3n de luz, electricidad y magnetismo: la \u201cs\u00edntesis electromagn\u00e9tica de Maxwell\u201d<\/a><\/span><span style=\"font-weight: normal\">, publicado en la <em><a href=\"http:\/\/www.sbfisica.org.br\/rbef\/\" target=\"_self\">Revista Brasileira de Ensino de F\u00edsica<\/a><\/em>, y tras una breve descripci\u00f3n de la situaci\u00f3n de la electricidad, el magnetismo y la \u00f3ptica a comienzos del siglo XIX, se presenta la unificaci\u00f3n de la electricidad y el magnetismo con figuras como Oersted, Amp\u00e8re y Faraday, y se concluye con la \u201cs\u00edntesis de Maxwell\u201d de la electricidad, el magnetismo y la luz, de tanta relevancia como en su d\u00eda fue \u201cla s\u00edntesis newtoniana\u201d de la f\u00edsica de los cielos y la f\u00edsica terrestre. Esta \u201cs\u00edntesis de Maxwell\u201d constituye uno de los mayores logros de la f\u00edsica, pues no solamente unific\u00f3 los fen\u00f3menos el\u00e9ctricos y magn\u00e9ticos, sino que permiti\u00f3 desarrollar toda la teor\u00eda de las ondas electromagn\u00e9ticas, incluyendo la luz. A partir de Maxwell, otra parcela de la f\u00edsica hasta entonces independiente, la \u00f3ptica, qued\u00f3 en cierta mediada englobada en el electromagnetismo.<\/span><\/strong><\/p>\n<p>&nbsp;<\/p>\n","protected":false},"excerpt":{"rendered":"<p>2015, A\u00f1o de la Luz y de las Tecnolog\u00edas basadas en la Luz. A comienzos del siglo XIX la luz, la electricidad y el magnetismo eran considerados tres fen\u00f3menos independientes. Mientras que el inter\u00e9s por la \u00f3ptica estaba justificado por &hellip; <a href=\"https:\/\/blogs.ua.es\/fisicateleco\/2015\/04\/25\/la-unificacion-de-luz-electricidad-y-magnetismo\/\">Continue reading <span class=\"meta-nav\">&rarr;<\/span><\/a><\/p>\n","protected":false},"author":1239,"featured_media":0,"comment_status":"open","ping_status":"open","sticky":false,"template":"","format":"standard","meta":{"footnotes":""},"categories":[173818,4215,173829],"tags":[173819,482,1443,6547,1643,6412],"class_list":["post-394","post","type-post","status-publish","format-standard","hentry","category-ano-de-la-luz-2015","category-divulgacion-cientifica","category-historia-de-la-fisica","tag-ano-de-la-luz","tag-biografia","tag-divulgacion","tag-electro-magnetismo","tag-historia-de-la-fisica","tag-optica"],"_links":{"self":[{"href":"https:\/\/blogs.ua.es\/fisicateleco\/wp-json\/wp\/v2\/posts\/394","targetHints":{"allow":["GET"]}}],"collection":[{"href":"https:\/\/blogs.ua.es\/fisicateleco\/wp-json\/wp\/v2\/posts"}],"about":[{"href":"https:\/\/blogs.ua.es\/fisicateleco\/wp-json\/wp\/v2\/types\/post"}],"author":[{"embeddable":true,"href":"https:\/\/blogs.ua.es\/fisicateleco\/wp-json\/wp\/v2\/users\/1239"}],"replies":[{"embeddable":true,"href":"https:\/\/blogs.ua.es\/fisicateleco\/wp-json\/wp\/v2\/comments?post=394"}],"version-history":[{"count":11,"href":"https:\/\/blogs.ua.es\/fisicateleco\/wp-json\/wp\/v2\/posts\/394\/revisions"}],"predecessor-version":[{"id":4352,"href":"https:\/\/blogs.ua.es\/fisicateleco\/wp-json\/wp\/v2\/posts\/394\/revisions\/4352"}],"wp:attachment":[{"href":"https:\/\/blogs.ua.es\/fisicateleco\/wp-json\/wp\/v2\/media?parent=394"}],"wp:term":[{"taxonomy":"category","embeddable":true,"href":"https:\/\/blogs.ua.es\/fisicateleco\/wp-json\/wp\/v2\/categories?post=394"},{"taxonomy":"post_tag","embeddable":true,"href":"https:\/\/blogs.ua.es\/fisicateleco\/wp-json\/wp\/v2\/tags?post=394"}],"curies":[{"name":"wp","href":"https:\/\/api.w.org\/{rel}","templated":true}]}}