{"id":135,"date":"2012-01-15T17:59:54","date_gmt":"2012-01-15T17:59:54","guid":{"rendered":"https:\/\/blogs.ua.es\/fotografiadocumentalsocial\/?p=135"},"modified":"2012-01-20T19:49:14","modified_gmt":"2012-01-20T19:49:14","slug":"fotografia-y-activismo-textos-y-practicas-1979-2000","status":"publish","type":"post","link":"https:\/\/blogs.ua.es\/fotografiadocumentalsocial\/2012\/01\/15\/fotografia-y-activismo-textos-y-practicas-1979-2000\/","title":{"rendered":"Fotograf\u00eda y activismo : textos y pr\u00e1cticas (1979-2000)"},"content":{"rendered":"<p>Referencias: Marzo. J.L,2006,\u00a0<em>Fotograf\u00eda y activismo : textos y pr\u00e1cticas (1979-2000), <\/em>Ed Gustavo Gili<\/p>\n<p>El car\u00e1cter de la fotograf\u00eda en el contexto del activismo social y pol\u00edtico en nuestros d\u00edas ha sido redefinido de un modo determinante por los cambios que se han producido en los usos y las pr\u00e1cticas sociales derivados de las nuevas tecnolog\u00edas digitales. Quiz\u00e1s por este motivo, existe una marcada tendencia a leer las transformaciones en la fotograf\u00eda de corte activista \u00fanicamente a la luz del hecho t\u00e9cnico, subrayando una interpretaci\u00f3n tecn\u00f3crata y determinista que oscurece las verdaderas din\u00e1micas que han marcado la implicaci\u00f3n de esta fotograf\u00eda a lo largo del tiempo y en los diversos contextos sociales.<\/p>\n","protected":false},"excerpt":{"rendered":"<p>Referencias: Marzo. J.L,2006,\u00a0Fotograf\u00eda y activismo : textos y pr\u00e1cticas (1979-2000), Ed Gustavo Gili El car\u00e1cter de la fotograf\u00eda en el contexto del activismo social y pol\u00edtico en nuestros d\u00edas ha sido redefinido de un modo determinante por los cambios que se han producido en los usos y las pr\u00e1cticas sociales derivados de las nuevas tecnolog\u00edas [&hellip;]<\/p>\n","protected":false},"author":2482,"featured_media":0,"comment_status":"open","ping_status":"open","sticky":false,"template":"","format":"standard","meta":{"footnotes":""},"categories":[324],"tags":[28232,932,66388],"class_list":["post-135","post","type-post","status-publish","format-standard","hentry","category-libros","tag-activismo","tag-fotografia","tag-social"],"_links":{"self":[{"href":"https:\/\/blogs.ua.es\/fotografiadocumentalsocial\/wp-json\/wp\/v2\/posts\/135","targetHints":{"allow":["GET"]}}],"collection":[{"href":"https:\/\/blogs.ua.es\/fotografiadocumentalsocial\/wp-json\/wp\/v2\/posts"}],"about":[{"href":"https:\/\/blogs.ua.es\/fotografiadocumentalsocial\/wp-json\/wp\/v2\/types\/post"}],"author":[{"embeddable":true,"href":"https:\/\/blogs.ua.es\/fotografiadocumentalsocial\/wp-json\/wp\/v2\/users\/2482"}],"replies":[{"embeddable":true,"href":"https:\/\/blogs.ua.es\/fotografiadocumentalsocial\/wp-json\/wp\/v2\/comments?post=135"}],"version-history":[{"count":3,"href":"https:\/\/blogs.ua.es\/fotografiadocumentalsocial\/wp-json\/wp\/v2\/posts\/135\/revisions"}],"predecessor-version":[{"id":204,"href":"https:\/\/blogs.ua.es\/fotografiadocumentalsocial\/wp-json\/wp\/v2\/posts\/135\/revisions\/204"}],"wp:attachment":[{"href":"https:\/\/blogs.ua.es\/fotografiadocumentalsocial\/wp-json\/wp\/v2\/media?parent=135"}],"wp:term":[{"taxonomy":"category","embeddable":true,"href":"https:\/\/blogs.ua.es\/fotografiadocumentalsocial\/wp-json\/wp\/v2\/categories?post=135"},{"taxonomy":"post_tag","embeddable":true,"href":"https:\/\/blogs.ua.es\/fotografiadocumentalsocial\/wp-json\/wp\/v2\/tags?post=135"}],"curies":[{"name":"wp","href":"https:\/\/api.w.org\/{rel}","templated":true}]}}