{"id":106,"date":"2009-01-18T13:54:04","date_gmt":"2009-01-18T11:54:04","guid":{"rendered":"https:\/\/blogs.ua.es\/montano\/?p=106"},"modified":"2009-01-28T14:59:08","modified_gmt":"2009-01-28T12:59:08","slug":"%c2%bfque-va-a-hacer-y-a-hecho-el-programa-agua","status":"publish","type":"post","link":"https:\/\/blogs.ua.es\/montano\/2009\/01\/18\/%c2%bfque-va-a-hacer-y-a-hecho-el-programa-agua\/","title":{"rendered":"\u00bfQue va a hacer y ha hecho el programa A.G.U.A?"},"content":{"rendered":"<p class=\"MsoNormal\" style=\"margin: 0cm 0cm 0pt\"><span><span style=\"font-size: small\"><span style=\"font-family: Times New Roman\">El Programa A.G.U.A. (Actuaciones para la Gesti\u00f3n y la Utilizaci\u00f3n del Agua), es la nueva pol\u00edtica que el gobierno, puesta en marcha<span>\u00a0 <\/span>para cumplir los criterios y normas de la Uni\u00f3n Europea. Con este programa se pretende garantizar una mayor equidad, obtener una mayor eficiencia y sostenibilidad aprovechando las mejores tecnolog\u00edas disponibles.<\/span><\/span><\/span><\/p>\n<p class=\"MsoNormal\" style=\"margin: 0cm 0cm 0pt\"><span><span style=\"font-size: small\"><span style=\"font-family: Times New Roman\">Las actuaciones que se contemplar\u00e1n en \u00e9ste programa son las siguientes:<\/span><\/span><\/span><\/p>\n<p class=\"MsoNormal\" style=\"margin: 0cm 0cm 0pt\"><span style=\"font-family: Times New Roman\"><span><span style=\"font-size: small\">&#8211;<\/span><span style=\"font-family: &quot;Times New Roman&amp;quot\">\u00a0\u00a0\u00a0\u00a0\u00a0\u00a0\u00a0\u00a0\u00a0\u00a0\u00a0\u00a0\u00a0\u00a0\u00a0\u00a0\u00a0\u00a0\u00a0\u00a0\u00a0\u00a0\u00a0\u00a0\u00a0\u00a0\u00a0\u00a0\u00a0\u00a0\u00a0\u00a0\u00a0\u00a0\u00a0\u00a0\u00a0\u00a0\u00a0\u00a0\u00a0\u00a0\u00a0\u00a0\u00a0\u00a0\u00a0\u00a0 <\/span><\/span><span><span style=\"font-size: small\"><span>\u00a0\u00a0\u00a0<\/span>Se reformar\u00e1n las Confederaciones Hidrogr\u00e1ficas, incorporando las Comunidades Aut\u00f3nomas al proceso de toma de decisiones y de control p\u00fablico del uso del agua, fomentando la participaci\u00f3n de los ciudadanos en la gesti\u00f3n del agua.<\/span><\/span><\/span><\/p>\n<p style=\"margin: 0cm 0cm 0pt\"><span style=\"font-family: Times New Roman\"><span><span style=\"font-size: small\">&#8211;<\/span><span style=\"font-family: &quot;Times New Roman&amp;quot\">\u00a0\u00a0\u00a0\u00a0\u00a0\u00a0\u00a0\u00a0\u00a0\u00a0\u00a0\u00a0\u00a0\u00a0\u00a0\u00a0\u00a0\u00a0\u00a0\u00a0\u00a0\u00a0\u00a0\u00a0\u00a0\u00a0\u00a0\u00a0\u00a0\u00a0\u00a0\u00a0\u00a0\u00a0\u00a0\u00a0\u00a0\u00a0\u00a0\u00a0\u00a0\u00a0\u00a0\u00a0\u00a0\u00a0\u00a0\u00a0 <\/span><\/span><span><span style=\"font-size: small\">Se creara en cada cuenca hidrogr\u00e1fica un Banco P\u00fablico del Agua, para reasignar los derechos hist\u00f3ricos del agua.<\/span><\/span><\/span><\/p>\n<p style=\"margin: 0cm 0cm 0pt\"><span style=\"font-family: Times New Roman\"><span><span style=\"font-size: small\">&#8211;<\/span><span style=\"font-family: &quot;Times New Roman&amp;quot\">\u00a0\u00a0\u00a0\u00a0\u00a0\u00a0\u00a0\u00a0\u00a0\u00a0\u00a0\u00a0\u00a0\u00a0\u00a0\u00a0\u00a0\u00a0\u00a0\u00a0\u00a0\u00a0\u00a0\u00a0\u00a0\u00a0\u00a0\u00a0\u00a0\u00a0\u00a0\u00a0\u00a0\u00a0\u00a0\u00a0\u00a0\u00a0\u00a0\u00a0\u00a0\u00a0\u00a0\u00a0\u00a0\u00a0\u00a0\u00a0 <\/span><\/span><span><span style=\"font-size: small\">Se establecer\u00e1n tarifas del agua acordes con los costes reales de obtenci\u00f3n y tratamiento del agua.<\/span><\/span><\/span><\/p>\n<p style=\"margin: 0cm 0cm 0pt\"><span style=\"font-family: Times New Roman\"><span><span style=\"font-size: small\">&#8211;<\/span><span style=\"font-family: &quot;Times New Roman&amp;quot\">\u00a0\u00a0\u00a0\u00a0\u00a0\u00a0\u00a0\u00a0\u00a0\u00a0\u00a0\u00a0\u00a0\u00a0\u00a0\u00a0\u00a0\u00a0\u00a0\u00a0\u00a0\u00a0\u00a0\u00a0\u00a0\u00a0\u00a0\u00a0\u00a0\u00a0\u00a0\u00a0\u00a0\u00a0\u00a0\u00a0\u00a0\u00a0\u00a0\u00a0\u00a0\u00a0\u00a0\u00a0\u00a0\u00a0\u00a0\u00a0 <\/span><\/span><span><span style=\"font-size: small\">Se llevar\u00e1n a cabo actuaciones de mejora de la gesti\u00f3n y del suministro de agua de calidad, destacando la optimizaci\u00f3n de las infraestructuras existentes y la construcci\u00f3n y explotaci\u00f3n de desaladoras y depuradoras.<\/span><\/span><\/span><\/p>\n<p style=\"margin: 0cm 0cm 0pt\"><span><span style=\"font-size: small\"><span style=\"font-family: Times New Roman\">\u00a0<\/span><\/span><\/span><\/p>\n<p style=\"margin: 0cm 0cm 0pt\"><span><span style=\"font-size: small\"><span style=\"font-family: Times New Roman\">El Programa A.G.U.A se implantar\u00e1 en toda Espa\u00f1a, empezando por el litoral mediterr\u00e1neo que es donde se est\u00e1n sufriendo los principales problemas d\u00e9ficit de recursos h\u00eddricos. La desalaci\u00f3n juega un papel clave en el Programa A.G.U.A. ya que nuestro pa\u00eds es un pa\u00eds de costa, en el que las cuencas mediterr\u00e1neas tienen m\u00e1s de 1.500 Km de litoral, por tanto el agua del mar puede asegurar un desarrollo sostenible. El Programa A.G.U.A. busca equilibrar el crecimiento econ\u00f3mico con el respeto al medio ambiente, por otro lado se pretende aumentar la autonom\u00eda de cada cuenca buscando el autoabastecimiento. \u00c9ste programa persigue asegurar la disponibilidad de agua con independencia de la situaci\u00f3n clim\u00e1tica. <\/span><\/span><\/span><\/p>\n","protected":false},"excerpt":{"rendered":"<p>El Programa A.G.U.A. (Actuaciones para la Gesti\u00f3n y la Utilizaci\u00f3n del Agua), es la nueva pol\u00edtica que el gobierno, puesta en marcha\u00a0 para cumplir los criterios y normas de la Uni\u00f3n Europea. Con este programa se pretende garantizar una mayor equidad, obtener una mayor eficiencia y sostenibilidad aprovechando las mejores tecnolog\u00edas disponibles. Las actuaciones que [&hellip;]<\/p>\n","protected":false},"author":440,"featured_media":0,"comment_status":"open","ping_status":"open","sticky":false,"template":"","format":"standard","meta":{"footnotes":""},"categories":[1],"tags":[1378,4263,4262,861],"class_list":["post-106","post","type-post","status-publish","format-standard","hentry","category-general","tag-borja-montano","tag-gobierno-de-espana","tag-programa-agua","tag-universidad-de-alicante"],"_links":{"self":[{"href":"https:\/\/blogs.ua.es\/montano\/wp-json\/wp\/v2\/posts\/106","targetHints":{"allow":["GET"]}}],"collection":[{"href":"https:\/\/blogs.ua.es\/montano\/wp-json\/wp\/v2\/posts"}],"about":[{"href":"https:\/\/blogs.ua.es\/montano\/wp-json\/wp\/v2\/types\/post"}],"author":[{"embeddable":true,"href":"https:\/\/blogs.ua.es\/montano\/wp-json\/wp\/v2\/users\/440"}],"replies":[{"embeddable":true,"href":"https:\/\/blogs.ua.es\/montano\/wp-json\/wp\/v2\/comments?post=106"}],"version-history":[{"count":2,"href":"https:\/\/blogs.ua.es\/montano\/wp-json\/wp\/v2\/posts\/106\/revisions"}],"predecessor-version":[{"id":112,"href":"https:\/\/blogs.ua.es\/montano\/wp-json\/wp\/v2\/posts\/106\/revisions\/112"}],"wp:attachment":[{"href":"https:\/\/blogs.ua.es\/montano\/wp-json\/wp\/v2\/media?parent=106"}],"wp:term":[{"taxonomy":"category","embeddable":true,"href":"https:\/\/blogs.ua.es\/montano\/wp-json\/wp\/v2\/categories?post=106"},{"taxonomy":"post_tag","embeddable":true,"href":"https:\/\/blogs.ua.es\/montano\/wp-json\/wp\/v2\/tags?post=106"}],"curies":[{"name":"wp","href":"https:\/\/api.w.org\/{rel}","templated":true}]}}