{"id":80,"date":"2013-01-18T14:33:16","date_gmt":"2013-01-18T14:33:16","guid":{"rendered":"https:\/\/blogs.ua.es\/sorisabelvillena\/?p=80"},"modified":"2013-01-26T19:40:12","modified_gmt":"2013-01-26T19:40:12","slug":"deiximenis-a-sor-isabel-de-villena","status":"publish","type":"post","link":"https:\/\/blogs.ua.es\/sorisabelvillena\/2013\/01\/18\/deiximenis-a-sor-isabel-de-villena\/","title":{"rendered":"D&#8217;eiximenis a Sor Isabel de Villena"},"content":{"rendered":"<ul>\n<li><span style=\"line-height: 12.15625px\">HAUF VALLS, Albert-Guillem.D&#8217;eiximenis a Sor Isabel de Villena. Publicacions de la Abadia de Montserrat.Biblioteca Sanchis Guarner,19.Aportaci\u00f3 a l&#8217;estudi de la nostra cultura medieval,Barcelona. ISBN:978-84-7826-153-6.<\/span><\/li>\n<\/ul>\n<div><span style=\"line-height: 12.15625px\">El libro D&#8217;eiximenis a Sor Isabel de Villena escrito por Albert Guillem,historiador de literatura y critico literario.Este autor es un destacado especialista en literatura medieval catalana y provenzal.<\/span><\/div>\n<div>El autor de este libro realiza un estudio analizando lo que aporto sor Isabel de Villena y Francesc Eiximenis entre otros, a la literatura medieval.<\/div>\n<div><\/div>\n<div>Este es un fragmento de su obra donde trata a la escritora Sor Isabel de Villena.<\/div>\n<div><\/div>\n<div>&#8220;L&#8217;obra de Sor Isabel palesa una bona formaci\u00f3 liter\u00e0ria, i el pr\u00f2leg que li dedic\u00e0 el bisbe Jaume P\u00e9re\u00e7 i que encap\u00e7ala un comentari al\u00a0<em>Magnificat<\/em>\u00a0redactat en un llat\u00ed no gens desdenyable, prova si m\u00e9s no que la monja s&#8217;interessava per l&#8217;exegesi i el comentari escriptur\u00edstic, en els quals excel\u00b7lia aquell prelat, que confessa haver escrit el llibre a inst\u00e0ncies de Sor Isabel. El monestir tamb\u00e9 devia tenir una biblioteca bastant ben dotada, ja que consta que el 1495 hi anaren a parar els llibres que la reina Maria havia llegat a Violant de Monpalau, v\u00eddua de Llu\u00eds Mart\u00ed. M\u00e9s tard, el 1479, el vicari general Jaume Exarch deix\u00e0 ben expressament a Sor Isabel, per la qual sentia especial veneraci\u00f3, tots els volums de la seva biblioteca, que devia ser considerable puix que hom en fa especial menci\u00f3.&#8221;<\/div>\n","protected":false},"excerpt":{"rendered":"<p>HAUF VALLS, Albert-Guillem.D&#8217;eiximenis a Sor Isabel de Villena. Publicacions de la Abadia de Montserrat.Biblioteca Sanchis Guarner,19.Aportaci\u00f3 a l&#8217;estudi de la nostra cultura medieval,Barcelona. ISBN:978-84-7826-153-6. El libro D&#8217;eiximenis a Sor Isabel de Villena escrito por Albert Guillem,historiador de literatura y critico literario.Este autor es un destacado especialista en literatura medieval catalana y provenzal. El autor de [&hellip;]<\/p>\n","protected":false},"author":2860,"featured_media":0,"comment_status":"open","ping_status":"open","sticky":false,"template":"","format":"standard","meta":{"footnotes":""},"categories":[94099,324],"tags":[186491],"class_list":["post-80","post","type-post","status-publish","format-standard","hentry","category-capitulos-de-libros","category-libros","tag-albert-guillem"],"_links":{"self":[{"href":"https:\/\/blogs.ua.es\/sorisabelvillena\/wp-json\/wp\/v2\/posts\/80","targetHints":{"allow":["GET"]}}],"collection":[{"href":"https:\/\/blogs.ua.es\/sorisabelvillena\/wp-json\/wp\/v2\/posts"}],"about":[{"href":"https:\/\/blogs.ua.es\/sorisabelvillena\/wp-json\/wp\/v2\/types\/post"}],"author":[{"embeddable":true,"href":"https:\/\/blogs.ua.es\/sorisabelvillena\/wp-json\/wp\/v2\/users\/2860"}],"replies":[{"embeddable":true,"href":"https:\/\/blogs.ua.es\/sorisabelvillena\/wp-json\/wp\/v2\/comments?post=80"}],"version-history":[{"count":5,"href":"https:\/\/blogs.ua.es\/sorisabelvillena\/wp-json\/wp\/v2\/posts\/80\/revisions"}],"predecessor-version":[{"id":154,"href":"https:\/\/blogs.ua.es\/sorisabelvillena\/wp-json\/wp\/v2\/posts\/80\/revisions\/154"}],"wp:attachment":[{"href":"https:\/\/blogs.ua.es\/sorisabelvillena\/wp-json\/wp\/v2\/media?parent=80"}],"wp:term":[{"taxonomy":"category","embeddable":true,"href":"https:\/\/blogs.ua.es\/sorisabelvillena\/wp-json\/wp\/v2\/categories?post=80"},{"taxonomy":"post_tag","embeddable":true,"href":"https:\/\/blogs.ua.es\/sorisabelvillena\/wp-json\/wp\/v2\/tags?post=80"}],"curies":[{"name":"wp","href":"https:\/\/api.w.org\/{rel}","templated":true}]}}